{"id":9179,"date":"2025-07-15T13:32:04","date_gmt":"2025-07-15T11:32:04","guid":{"rendered":"https:\/\/expatax.mt\/?p=9179"},"modified":"2025-07-15T14:54:01","modified_gmt":"2025-07-15T12:54:01","slug":"le-colonel-edric-zahra-prend-la-direction-didentita","status":"publish","type":"post","link":"https:\/\/expatax.mt\/fr\/colonel-edric-zahra-takes-over-as-ceo-of-identita\/","title":{"rendered":"Le colonel Edric Zahra prend la direction d'Identit\u00e0"},"content":{"rendered":"<p>A partir du 14 juillet 2025, <strong><em>Colonel Edric Zahra<\/em><\/strong> est officiellement devenu le nouveau directeur g\u00e9n\u00e9ral d'Identit\u00e0, l'agence maltaise pour l'identit\u00e9 et l'immigration. Il remplace <strong><em>Steve Agius<\/em><\/strong>qui va occuper une nouvelle fonction au sein de l'Agence pour le vieillissement actif.<\/p>\n\n\n\n<p><em>Zahra<\/em> apporte avec lui des d\u00e9cennies d'exp\u00e9rience en mati\u00e8re de leadership, ayant servi r\u00e9cemment en tant que commandant adjoint des forces arm\u00e9es de Malte (AFM). Sa nomination est consid\u00e9r\u00e9e comme une \u00e9tape vers le maintien d'une approche structur\u00e9e et disciplin\u00e9e au sein d'Identit\u00e0, d'autant plus que Malte continue de resserrer les processus de gestion de la r\u00e9sidence, des visas et de la citoyennet\u00e9.<\/p>\n\n\n\n<h3 id=\"from-military-service-to-civil-administration\" class=\"wp-block-heading\">Du service militaire \u00e0 l'administration civile<\/h3>\n\n\n\n<p>Le colonel Zahra a fait carri\u00e8re dans les forces arm\u00e9es de Malte depuis la fin des ann\u00e9es 1990. Son parcours est le suivant :<\/p>\n\n\n\n<ul class=\"wp-block-list\">\n<li>Commandement de missions de sauvetage et d'unit\u00e9s de contr\u00f4le aux fronti\u00e8res<\/li>\n\n\n\n<li>Diriger des op\u00e9rations internationales, y compris des missions Frontex<\/li>\n\n\n\n<li>Repr\u00e9senter Malte dans des formations de haut niveau en mati\u00e8re de s\u00e9curit\u00e9 en Europe et aux \u00c9tats-Unis.<\/li>\n\n\n\n<li>Servir d'\u00e9ducateur en mati\u00e8re de droit maritime et d'op\u00e9rations humanitaires<\/li>\n<\/ul>\n\n\n\n<p>Outre son service militaire, Zahra poss\u00e8de des qualifications universitaires en droit, en \u00e9tudes maltaises, en g\u00e9ographie, en anthropologie et en strat\u00e9gie maritime, ce qui lui permet d'allier des connaissances pratiques sur le terrain \u00e0 une solide base universitaire.<\/p>\n\n\n\n<figure class=\"wp-block-pullquote\"><blockquote><p><a href=\"http:\/\/Official announcement from Identit\u00e0 Malta on Colonel Edric Zahra\u2019s appointment as CEO\" rel=\"nofollow\">Annonce officielle d'Identit\u00e0 Malta concernant la nomination du colonel Edric Zahra au poste de directeur g\u00e9n\u00e9ral<\/a><\/p><\/blockquote><\/figure>\n\n\n\n<h3 id=\"a-line-of-shifting-leadership\" class=\"wp-block-heading\">Une ligne de conduite changeante<\/h3>\n\n\n\n<p>Ce changement de direction fait suite \u00e0 une p\u00e9riode de mandats relativement courts chez Identit\u00e0. Steve Agius a occup\u00e9 le poste de directeur g\u00e9n\u00e9ral pendant un peu moins de 18 mois, avant de prendre ses fonctions au d\u00e9but de l'ann\u00e9e 2024. Pendant cette p\u00e9riode, Agius a jou\u00e9 un r\u00f4le d\u00e9terminant dans le renforcement des contr\u00f4les de conformit\u00e9, l'introduction du syst\u00e8me d'attestation de bail pour les ressortissants de pays tiers et l'intensification des activit\u00e9s d'enqu\u00eate au sein de l'agence. La derni\u00e8re grande annonce qu'il a faite a \u00e9t\u00e9 la mise en place du syst\u00e8me de contr\u00f4le de la qualit\u00e9 de l'Agence. <a href=\"https:\/\/expatax.mt\/fr\/guide-en-3-minutes-ce-que-les-syndicats-doivent-savoir-sur-la-nouvelle-legislation-du-travail\/\" data-type=\"post\" data-id=\"9139\">nouvelle politique du march\u00e9 du travail<\/a>qui pr\u00e9voit des contr\u00f4les plus stricts des droits de s\u00e9jour et d'emploi des ressortissants de pays tiers, entrant officiellement en vigueur le 1er ao\u00fbt 2025 et le 1er octobre 2025.<\/p>\n\n\n\n<p>Avant Agius, le colonel Mark Mallia a occup\u00e9 ce poste entre 2022 et 2024, supervisant le changement de nom d'Identity Malta en Identit\u00e0 et lan\u00e7ant l'unit\u00e9 de conformit\u00e9. Avec la nomination du colonel Zahra, Identit\u00e0 entend poursuivre dans cette voie, mais en mettant davantage l'accent sur la discipline et l'efficacit\u00e9 op\u00e9rationnelles.<\/p>\n\n\n\n<h3 id=\"what-changes-at-identita\" class=\"wp-block-heading\">Qu'est-ce qui change chez Identit\u00e0 ?<\/h3>\n\n\n\n<p>Bien que la direction change, les premiers signes indiquent une continuit\u00e9 dans l'orientation. Dans une br\u00e8ve d\u00e9claration, M. Zahra a d\u00e9clar\u00e9 qu'il se r\u00e9jouissait \u00e0 l'avance :<\/p>\n\n\n\n<blockquote class=\"wp-block-quote is-layout-flow wp-block-quote-is-layout-flow\">\n<p class=\"has-medium-font-size\">en travaillant en \u00e9troite collaboration avec l'\u00e9quipe et en s'appuyant sur les bases solides d\u00e9j\u00e0 en place.<\/p>\n<\/blockquote>\n\n\n\n<p>Identit\u00e0 Pr\u00e9sident <em><strong>Marlene Mizzi<\/strong><\/em> a soulign\u00e9 que la transition s'\u00e9tait d\u00e9roul\u00e9e sans heurts, reconnaissant le travail accompli par M. Agius pour moderniser l'agence, notamment en ce qui concerne les processus num\u00e9riques et les contr\u00f4les de conformit\u00e9 pour les ressortissants de pays non membres de l'Union europ\u00e9enne.<\/p>\n\n\n\n<h3 id=\"what-to-expect\" class=\"wp-block-heading\">\u00c0 quoi s'attendre ?<\/h3>\n\n\n\n<p>Avec le colonel Zahra, attendez-vous \u00e0 ce que les choses se d\u00e9roulent avec plus de discipline et moins de surprises. Son pass\u00e9 militaire sugg\u00e8re un style de leadership qui valorise l'ordre, la ponctualit\u00e9 et des r\u00e8gles claires, alors ne soyez pas surpris si les choses vous semblent un peu plus... guind\u00e9es. Cela dit, il ne s'agit pas de tout chambouler, mais de serrer la vis l\u00e0 o\u00f9 c'est n\u00e9cessaire : s'assurer que les demandes sont trait\u00e9es \u00e0 temps et que le respect des r\u00e8gles est pris au s\u00e9rieux. Alors que Malte continue d'affiner ses cadres de r\u00e9sidence et d'identit\u00e9, la main ferme de Zahra devrait aider le navire \u00e0 naviguer en douceur dans des eaux de plus en plus complexes.<\/p>\n\n\n\n<h3 id=\"further-reads\" class=\"wp-block-heading\">Autres lectures<\/h3>\n\n\n\n<figure class=\"wp-block-embed is-type-wp-embed is-provider-expatax-malta wp-block-embed-expatax-malta\"><div class=\"wp-block-embed__wrapper\">\n<blockquote class=\"wp-embedded-content\" data-secret=\"BJo8vaPjnP\"><a href=\"https:\/\/expatax.mt\/fr\/guide-en-3-minutes-ce-que-les-syndicats-doivent-savoir-sur-la-nouvelle-legislation-du-travail\/\">Guide de 3 minutes : Ce que les CTN doivent savoir sur la nouvelle l\u00e9gislation du travail<\/a><\/blockquote><iframe class=\"wp-embedded-content\" sandbox=\"allow-scripts\" security=\"restricted\" style=\"position: absolute; visibility: hidden;\" title=\"&quot;Guide de 3 minutes : Ce que les TCN doivent savoir sur les nouvelles lois du travail&quot; - Expatax Malta\" src=\"https:\/\/expatax.mt\/3-minute-guide-what-tcns-must-know-about-new-labour-laws\/embed\/#?secret=ULRb9399Eb#?secret=BJo8vaPjnP\" data-secret=\"BJo8vaPjnP\" width=\"600\" height=\"338\" frameborder=\"0\" marginwidth=\"0\" marginheight=\"0\" scrolling=\"no\"><\/iframe>\n<\/div><\/figure>\n\n\n\n<figure class=\"wp-block-embed is-type-wp-embed is-provider-expatax-malta wp-block-embed-expatax-malta\"><div class=\"wp-block-embed__wrapper\">\n<blockquote class=\"wp-embedded-content\" data-secret=\"3JT0y5UUYg\"><a href=\"https:\/\/expatax.mt\/fr\/le-nouveau-visa-pour-le-sport-didentita-est-assombri-par-le-depart-du-directeur-general\/\">Identit\u00e0 : Le nouveau visa pour le sport \u00e9clips\u00e9 par le d\u00e9part du PDG<\/a><\/blockquote><iframe class=\"wp-embedded-content\" sandbox=\"allow-scripts\" security=\"restricted\" style=\"position: absolute; visibility: hidden;\" title=\"&quot;Identit\u00e0 : Le nouveau visa pour le sport \u00e9clips\u00e9 par le d\u00e9part du PDG&quot; - Expatax Malta\" src=\"https:\/\/expatax.mt\/identita-new-sports-visa-overshadowed-by-ceo-exit\/embed\/#?secret=Bo2HZvWaRb#?secret=3JT0y5UUYg\" data-secret=\"3JT0y5UUYg\" width=\"600\" height=\"338\" frameborder=\"0\" marginwidth=\"0\" marginheight=\"0\" scrolling=\"no\"><\/iframe>\n<\/div><\/figure>\n\n\n\n<figure class=\"wp-block-embed is-type-wp-embed is-provider-expatax-malta wp-block-embed-expatax-malta\"><div class=\"wp-block-embed__wrapper\">\n<blockquote class=\"wp-embedded-content\" data-secret=\"lpabq2r5WP\"><a href=\"https:\/\/expatax.mt\/fr\/les-defis-de-lemploi-a-malte-promesses-et-realite-en-2025\/\">Les d\u00e9fis de l'emploi \u00e0 Malte : Promesses et r\u00e9alit\u00e9 en 2025<\/a><\/blockquote><iframe class=\"wp-embedded-content\" sandbox=\"allow-scripts\" security=\"restricted\" style=\"position: absolute; visibility: hidden;\" title=\"&quot;Les d\u00e9fis de l&#039;emploi \u00e0 Malte : Promesses et r\u00e9alit\u00e9 en 2025&quot; - Expatax Malta\" src=\"https:\/\/expatax.mt\/labour-challenges-in-malta-promises-vs-reality-in-2025\/embed\/#?secret=2dkxWLaOYw#?secret=lpabq2r5WP\" data-secret=\"lpabq2r5WP\" width=\"600\" height=\"338\" frameborder=\"0\" marginwidth=\"0\" marginheight=\"0\" scrolling=\"no\"><\/iframe>\n<\/div><\/figure>","protected":false},"excerpt":{"rendered":"Le colonel Edric Zahra est devenu directeur g\u00e9n\u00e9ral d'Identit\u00e0 le 14 juillet 2025, apportant la discipline militaire \u00e0 l'agence maltaise de l'identit\u00e9 et de l'immigration. Sa direction promet de la stabilit\u00e9 et un respect plus strict des r\u00e8gles, alors que l'agence s'appuie sur les r\u00e9formes r\u00e9centes.","protected":false},"author":29,"featured_media":9181,"comment_status":"closed","ping_status":"open","sticky":false,"template":"","format":"standard","meta":{"csco_singular_sidebar":"","csco_page_header_type":"","csco_appearance_masonry":"","csco_page_load_nextpost":"","csco_post_video_location":[],"csco_post_video_location_hash":"","csco_post_video_url":"","csco_post_video_bg_start_time":0,"csco_post_video_bg_end_time":0,"footnotes":""},"categories":[4],"tags":[],"class_list":{"0":"post-9179","1":"post","2":"type-post","3":"status-publish","4":"format-standard","5":"has-post-thumbnail","7":"category-residency-and-visas","8":"cs-entry","9":"cs-video-wrap"},"_links":{"self":[{"href":"https:\/\/expatax.mt\/fr\/wp-json\/wp\/v2\/posts\/9179","targetHints":{"allow":["GET"]}}],"collection":[{"href":"https:\/\/expatax.mt\/fr\/wp-json\/wp\/v2\/posts"}],"about":[{"href":"https:\/\/expatax.mt\/fr\/wp-json\/wp\/v2\/types\/post"}],"author":[{"embeddable":true,"href":"https:\/\/expatax.mt\/fr\/wp-json\/wp\/v2\/users\/29"}],"replies":[{"embeddable":true,"href":"https:\/\/expatax.mt\/fr\/wp-json\/wp\/v2\/comments?post=9179"}],"version-history":[{"count":13,"href":"https:\/\/expatax.mt\/fr\/wp-json\/wp\/v2\/posts\/9179\/revisions"}],"predecessor-version":[{"id":9197,"href":"https:\/\/expatax.mt\/fr\/wp-json\/wp\/v2\/posts\/9179\/revisions\/9197"}],"wp:featuredmedia":[{"embeddable":true,"href":"https:\/\/expatax.mt\/fr\/wp-json\/wp\/v2\/media\/9181"}],"wp:attachment":[{"href":"https:\/\/expatax.mt\/fr\/wp-json\/wp\/v2\/media?parent=9179"}],"wp:term":[{"taxonomy":"category","embeddable":true,"href":"https:\/\/expatax.mt\/fr\/wp-json\/wp\/v2\/categories?post=9179"},{"taxonomy":"post_tag","embeddable":true,"href":"https:\/\/expatax.mt\/fr\/wp-json\/wp\/v2\/tags?post=9179"}],"curies":[{"name":"wp","href":"https:\/\/api.w.org\/{rel}","templated":true}]}}