{"id":8289,"date":"2025-05-23T12:59:16","date_gmt":"2025-05-23T10:59:16","guid":{"rendered":"https:\/\/expatax.mt\/?p=8289"},"modified":"2025-05-23T13:15:19","modified_gmt":"2025-05-23T11:15:19","slug":"jas-odusanya-construit-sa-communaute-et-sa-vie-en-tant-que-mere-celibataire","status":"publish","type":"post","link":"https:\/\/expatax.mt\/fr\/jas-odusanya-builds-community-and-life-as-a-single-mom\/","title":{"rendered":"Jas Odusanya construit sa communaut\u00e9 et sa vie en tant que m\u00e8re c\u00e9libataire"},"content":{"rendered":"<p>Jas Odusanya n'est pas l'influenceuse de voyage typique. Cr\u00e9atrice de contenu, m\u00e8re c\u00e9libataire de deux enfants et expatri\u00e9e du Royaume-Uni \u00e0 Gozo, sa narration est ancr\u00e9e dans l'honn\u00eatet\u00e9, l'humour et le c\u0153ur. Sur son compte Instagram <a class=\"\" href=\"https:\/\/www.instagram.com\/minimumwagetravellers\" rel=\"nofollow noopener\" target=\"_blank\">@minimumwagetravellers<\/a>Jas partage les r\u00e9alit\u00e9s d'un nouveau d\u00e9part dans un nouveau pays tout en \u00e9levant une famille avec un budget serr\u00e9.<\/p>\n\n\n\n<p>Son contenu trouve un \u00e9cho aupr\u00e8s des expatri\u00e9s, des parents c\u00e9libataires et de tous ceux qui recherchent un mode de vie plus lent et plus significatif. Au-del\u00e0 des m\u00e9dias sociaux, Jas est activement impliqu\u00e9e dans le travail communautaire, utilisant sa voix et son exp\u00e9rience pour soutenir les autres, en particulier les femmes et les migrants. Dans cet entretien, elle nous fait part de ses motivations, des d\u00e9fis qu'elle doit relever et des joies qu'elle a trouv\u00e9es en chemin.<\/p>\n\n\n\n<h2 id=\"journey-destination\" class=\"wp-block-heading\">Voyage Destination<\/h2>\n\n\n\n<h5 id=\"1-what-led-you-to-relocate-from-the-uk-to-gozo-and-what-has-the-transition-been-like\" class=\"wp-block-heading\">1. Qu'est-ce qui vous a amen\u00e9 \u00e0 quitter le Royaume-Uni pour vous installer \u00e0 Gozo et comment s'est pass\u00e9e la transition ?<\/h5>\n\n\n\n<p>Les gens me demandent toujours pourquoi j'ai quitt\u00e9 le Royaume-Uni pour m'installer \u00e0 Malte et ma r\u00e9ponse est simple : le Brexit. Je voulais rester europ\u00e9enne, sachant que les avantages d'\u00eatre dans l'UE n'\u00e9taient pas seulement pour moi, mais aussi pour ma famille. C'\u00e9tait un avantage suppl\u00e9mentaire de pouvoir vivre au soleil et dans un endroit tranquille comme Gozo !<\/p>\n\n\n\n<h5 id=\"2-how-has-being-a-single-mother-shaped-your-experience-of-living-abroad\" class=\"wp-block-heading\">2. Comment le fait d'\u00eatre une m\u00e8re c\u00e9libataire a-t-il influenc\u00e9 votre exp\u00e9rience de la vie \u00e0 l'\u00e9tranger ?<\/h5>\n\n\n\n<p>J'ai choisi Gozo (plut\u00f4t que le Royaume-Uni et Malte) parce que je vois vraiment les avantages qu'il y a \u00e0 \u00e9lever des enfants ici, c'est s\u00fbr, d\u00e9tendu et tr\u00e8s abordable pour une m\u00e8re c\u00e9libataire comme moi. La citation \"Il faut un village pour \u00e9lever un enfant\" r\u00e9sonne vraiment en moi, car c'est parfois l'une des choses qui me posent probl\u00e8me : je n'ai pas d'amis de ma ville natale ni de parents pour m'aider avec mes deux petits. Avec quelques autres amies, nous avons cr\u00e9\u00e9 un groupe appel\u00e9 <em>Les \"momies du soleil\"<\/em> et c'est devenu mon \"village\".<\/p>\n\n\n\n<h5 id=\"3-what-have-been-the-most-surprising-or-meaningful-aspects-of-maltese-and-gozitan-culture-for-you\" class=\"wp-block-heading\">3. Quels ont \u00e9t\u00e9 pour vous les aspects les plus surprenants ou les plus significatifs de la culture maltaise et gozitaine ?<\/h5>\n\n\n\n<p>Ralentir. C'est un aspect de la culture gozitaine que j'ai vraiment appris - apr\u00e8s tout, je viens d'une grande ville du Royaume-Uni. C'est vraiment ce dont j'avais besoin !<\/p>\n\n\n\n<h2 id=\"honest-voices-shared-journeys\" class=\"wp-block-heading\">Voix honn\u00eates, voyages partag\u00e9s<\/h2>\n\n\n\n<h5 id=\"4-what-inspired-you-to-start-the-minimumwagetravellers-instagram-account-and-what-message-do-you-want-to-share-with-your-followers\" class=\"wp-block-heading\">4. Qu'est-ce qui vous a incit\u00e9 \u00e0 cr\u00e9er le compte Instagram @minimumwagetravellers, et quel message souhaitez-vous partager avec vos followers ?<\/h5>\n\n\n\n<p><a href=\"https:\/\/www.instagram.com\/minimumwagetravellers\/\" rel=\"nofollow noopener\" target=\"_blank\">Salaire minimum Gens du voyage<\/a> Comme son nom l'indique, je touche le salaire minimum (voire beaucoup moins), mais je voulais montrer aux autres personnes \u00e0 faible revenu qu'elles peuvent elles aussi d\u00e9couvrir le monde. Ce n'est peut-\u00eatre pas tr\u00e8s glamour au d\u00e9but, mais si vous \u00eates heureux de sortir de votre zone de confort, les finances ne sont pas une raison pour vous en emp\u00eacher. Avec les compagnies a\u00e9riennes \u00e0 bas prix qui existent maintenant, je n'ai plus d'excuse ! De plus, je voulais montrer qu'il est toujours possible de voyager apr\u00e8s avoir eu des enfants (et en \u00e9tant c\u00e9libataire). <\/p>\n\n\n\n<blockquote class=\"wp-block-quote is-layout-flow wp-block-quote-is-layout-flow\">\n<p>Je ne veux pas en mettre plein la vue \u00e0 mes amis et \u00e0 ma famille, mais peut-\u00eatre les aider \u00e0 voir qu'ils ne sont pas oblig\u00e9s de rester enferm\u00e9s dans leur vie de 9 \u00e0 5.<\/p>\n<\/blockquote>\n\n\n\n<h5 id=\"5-your-content-is-both-funny-and-deeply-personal-how-do-you-find-the-balance-between-being-open-and-maintaining-your-privacy\" class=\"wp-block-heading\">5. Votre contenu est \u00e0 la fois dr\u00f4le et profond\u00e9ment personnel. Comment trouvez-vous l'\u00e9quilibre entre la transparence et le respect de votre vie priv\u00e9e ?<\/h5>\n\n\n\n<p>C'est un sujet sur lequel je me suis beaucoup battue ! Surtout depuis que j'ai des petits, on me demande toujours ce qu'il convient de faire pour partager la vie de famille, si on peut montrer le visage de nos enfants ou non ? Dois-je dire que la journ\u00e9e d'aujourd'hui a \u00e9t\u00e9 \u00e9pouvantable ou non ? La plupart des contenus que je publie le sont pour mon propre divertissement, je ris vraiment de mes propres l\u00e9gendes et montages vid\u00e9o. Je publie quand je sens que j'ai besoin de partager, mais jamais dans le but d'atteindre des milliers de personnes.<\/p>\n\n\n\n<h5 id=\"6-have-you-had-any-powerful-responses-from-your-audience-especially-other-expat-mothers-or-women-on-similar-journeys\" class=\"wp-block-heading\">6. Avez-vous eu des r\u00e9actions fortes de la part de votre public, en particulier d'autres m\u00e8res expatri\u00e9es ou de femmes ayant un parcours similaire ?<\/h5>\n\n\n\n<p>Ce qui est tr\u00e8s encourageant, c'est de voir des amis d'il y a des ann\u00e9es voir mon contenu et se sentir inspir\u00e9s ou en r\u00e9sonance avec lui. Cela m'a permis de rencontrer des personnes que je pensais avoir perdues de vue et qui sont aujourd'hui m\u00e8res elles aussi !<\/p>\n\n\n\n<h2 id=\"connecting-the-dots-community-event-this-weekend-in-valletta\" class=\"wp-block-heading\"><em>Relier les points<\/em> - Manifestation communautaire ce week-end \u00e0 La Valette<\/h2>\n\n\n\n<figure class=\"wp-block-image size-large\"><img fetchpriority=\"high\" decoding=\"async\" width=\"724\" height=\"1024\" src=\"https:\/\/expatax.mt\/wp-content\/uploads\/2025\/05\/Freedom-Flourish-2-724x1024.png\" alt=\"\" class=\"wp-image-8290\" title=\"\" srcset=\"https:\/\/expatax.mt\/wp-content\/uploads\/2025\/05\/Freedom-Flourish-2-724x1024.png 724w, https:\/\/expatax.mt\/wp-content\/uploads\/2025\/05\/Freedom-Flourish-2-212x300.png 212w, https:\/\/expatax.mt\/wp-content\/uploads\/2025\/05\/Freedom-Flourish-2-768x1086.png 768w, https:\/\/expatax.mt\/wp-content\/uploads\/2025\/05\/Freedom-Flourish-2-1086x1536.png 1086w, https:\/\/expatax.mt\/wp-content\/uploads\/2025\/05\/Freedom-Flourish-2-8x12.png 8w, https:\/\/expatax.mt\/wp-content\/uploads\/2025\/05\/Freedom-Flourish-2-380x537.png 380w, https:\/\/expatax.mt\/wp-content\/uploads\/2025\/05\/Freedom-Flourish-2-550x778.png 550w, https:\/\/expatax.mt\/wp-content\/uploads\/2025\/05\/Freedom-Flourish-2-800x1132.png 800w, https:\/\/expatax.mt\/wp-content\/uploads\/2025\/05\/Freedom-Flourish-2-1160x1641.png 1160w, https:\/\/expatax.mt\/wp-content\/uploads\/2025\/05\/Freedom-Flourish-2.png 1414w\" sizes=\"(max-width: 724px) 100vw, 724px\" \/><figcaption class=\"wp-element-caption\">Image Source : Jas Odusanya<\/figcaption><\/figure>\n\n\n\n<ul class=\"wp-block-list\">\n<li><\/li>\n<\/ul>\n\n\n\n<p><em>Relier les points<\/em> est un \u00e9v\u00e9nement communautaire sinc\u00e8re qui se d\u00e9roule <strong>ce samedi 24 mai 2025<\/strong>, au <strong>Valletta Design Cluster<\/strong>, \u00e0 partir de <strong>10 heures \u00e0 22 heures<\/strong>. Organis\u00e9 par <strong><a href=\"https:\/\/tama.ngo\/projects\" rel=\"nofollow noopener\" target=\"_blank\">TAMA, <\/a><\/strong>et des contributions de personnalit\u00e9s locales, dont Jas Odusanya. L'\u00e9v\u00e9nement s'inspire des exp\u00e9riences v\u00e9cues par son \u00e9quipe diversifi\u00e9e. Il invite les habitants, les expatri\u00e9s et les nouveaux arrivants \u00e0 se r\u00e9unir et \u00e0 explorer le th\u00e8me de l'\u00e9ducation et de la formation. <strong>La violence sexuelle et sexiste dans le contexte de la migration<\/strong>.<\/p>\n\n\n\n<p>Gr\u00e2ce \u00e0 une journ\u00e9e enti\u00e8re de <strong>ateliers cr\u00e9atifs, conf\u00e9rences, projections de films et r\u00e9cits v\u00e9cus<\/strong>Cet \u00e9v\u00e9nement a pour but d'ouvrir des conversations s\u00e9rieuses sur les difficult\u00e9s rencontr\u00e9es par les femmes et les enfants demandeurs d'asile \u00e0 Malte et dans l'Union europ\u00e9enne. Plus qu'une prise de conscience, <em>Relier les points<\/em> est une question de solidarit\u00e9, d'humanit\u00e9 partag\u00e9e et de changement.<\/p>\n\n\n\n<p><strong>L'inscription est gratuite<\/strong>Les participants sont les bienvenus.<\/p>\n\n\n\n<blockquote class=\"wp-block-quote is-layout-flow wp-block-quote-is-layout-flow\">\n<p><strong>Rejoignez-nous ce week-end \u00e0 La Valette pour vous connecter, r\u00e9fl\u00e9chir et soutenir la justice, la dignit\u00e9 et la communaut\u00e9.<\/strong><\/p>\n<cite><em>JAS ODUSANYA<\/em><\/cite><\/blockquote>\n\n\n\n<hr class=\"wp-block-separator has-alpha-channel-opacity\"\/>\n\n\n\n<h5 id=\"7-how-did-the-idea-come-about-to-organise-the-event-and-what-do-you-hope-attendees-will-take-away-from-it\" class=\"wp-block-heading\">7.<strong> Comment est n\u00e9e l'id\u00e9e d'organiser cet \u00e9v\u00e9nement et qu'esp\u00e9rez-vous que les participants en retirent ?<\/strong><\/h5>\n\n\n\n<p><br>Cet \u00e9v\u00e9nement a pour but de lancer une conversation tr\u00e8s attendue sur ce qui arrive r\u00e9ellement aux femmes et aux enfants qui demandent l'asile \u00e0 Malte. Quels sont les traumatismes qu'ils ont pu subir et quelles sont les difficult\u00e9s persistantes dans l'UE \u00e9galement. J'esp\u00e8re que les gens repartiront inspir\u00e9s par les femmes qui ont contribu\u00e9 \u00e0 l'\u00e9v\u00e9nement, mais aussi qu'ils se demanderont ce qu'ils peuvent faire pour les aider.<\/p>\n\n\n\n<h5 id=\"8-how-important-are-spaces-like-this-for-expats-and-locals-to-connect-beyond-cultural-boundaries\" class=\"wp-block-heading\">8. Quelle est l'importance de ce type d'espace pour que les expatri\u00e9s et les locaux puissent \u00e9tablir des liens au-del\u00e0 des fronti\u00e8res culturelles ?<\/h5>\n\n\n\n<p>Des espaces comme <em>Il est essentiel de relier les points entre eux<\/em>Ils nous permettent de nous voir les uns les autres non pas sous l'angle de la diff\u00e9rence, mais sous celui de l'humanit\u00e9 partag\u00e9e. Pour les expatri\u00e9s comme pour les locaux, ces espaces offrent une occasion rare de d\u00e9passer les pr\u00e9jug\u00e9s, les barri\u00e8res linguistiques et culturelles, et d'\u00e9couter vraiment. En tant que femmes en particulier, je crois qu'il est important de se d\u00e9fendre les unes les autres, de s'\u00e9lever mutuellement et de cr\u00e9er des environnements o\u00f9 toutes les voix (en particulier celles qui ne sont souvent pas entendues) peuvent s'exprimer.<\/p>\n\n\n\n<figure class=\"wp-block-image size-large\"><img decoding=\"async\" width=\"1024\" height=\"1024\" src=\"https:\/\/expatax.mt\/wp-content\/uploads\/2025\/05\/54435147122_3548304cfd_o-1024x1024.jpg\" alt=\"\" class=\"wp-image-8295\" title=\"\" srcset=\"https:\/\/expatax.mt\/wp-content\/uploads\/2025\/05\/54435147122_3548304cfd_o-1024x1024.jpg 1024w, https:\/\/expatax.mt\/wp-content\/uploads\/2025\/05\/54435147122_3548304cfd_o-300x300.jpg 300w, https:\/\/expatax.mt\/wp-content\/uploads\/2025\/05\/54435147122_3548304cfd_o-150x150.jpg 150w, https:\/\/expatax.mt\/wp-content\/uploads\/2025\/05\/54435147122_3548304cfd_o-768x768.jpg 768w, https:\/\/expatax.mt\/wp-content\/uploads\/2025\/05\/54435147122_3548304cfd_o-1536x1536.jpg 1536w, https:\/\/expatax.mt\/wp-content\/uploads\/2025\/05\/54435147122_3548304cfd_o-2048x2048.jpg 2048w, https:\/\/expatax.mt\/wp-content\/uploads\/2025\/05\/54435147122_3548304cfd_o-12x12.jpg 12w, https:\/\/expatax.mt\/wp-content\/uploads\/2025\/05\/54435147122_3548304cfd_o-80x80.jpg 80w, https:\/\/expatax.mt\/wp-content\/uploads\/2025\/05\/54435147122_3548304cfd_o-110x110.jpg 110w, https:\/\/expatax.mt\/wp-content\/uploads\/2025\/05\/54435147122_3548304cfd_o-380x380.jpg 380w, https:\/\/expatax.mt\/wp-content\/uploads\/2025\/05\/54435147122_3548304cfd_o-550x550.jpg 550w, https:\/\/expatax.mt\/wp-content\/uploads\/2025\/05\/54435147122_3548304cfd_o-800x800.jpg 800w, https:\/\/expatax.mt\/wp-content\/uploads\/2025\/05\/54435147122_3548304cfd_o-1160x1160.jpg 1160w, https:\/\/expatax.mt\/wp-content\/uploads\/2025\/05\/54435147122_3548304cfd_o-scaled.jpg 2560w\" sizes=\"(max-width: 1024px) 100vw, 1024px\" \/><figcaption class=\"wp-element-caption\">Jas Odusanya avec son fils <\/figcaption><\/figure>\n\n\n\n<blockquote class=\"wp-block-quote is-layout-flow wp-block-quote-is-layout-flow\">\n<p>Le monde ne cesse de nous dire de nous diviser... mais en toute honn\u00eatet\u00e9, nous sommes les m\u00eames. Nous portons les m\u00eames espoirs, les m\u00eames craintes, les m\u00eames r\u00eaves et les m\u00eames d\u00e9sirs de s\u00e9curit\u00e9, de dignit\u00e9 et d'appartenance.<\/p>\n<\/blockquote>\n\n\n\n<h2 id=\"whats-next-for-jas\" class=\"wp-block-heading\">Prochaines \u00e9tapes pour Jas<\/h2>\n\n\n\n<h5 id=\"9-whats-next-for-you-both-personally-and-professionally\" class=\"wp-block-heading\">9. Quelle est votre prochaine \u00e9tape, tant sur le plan personnel que professionnel ?<\/h5>\n\n\n\n<p>Je suis quelqu'un qui fait un million et un projet en m\u00eame temps que je change des couches ! L'une de mes principales activit\u00e9s secondaires est <strong><em>RAAH<\/em><\/strong> <a href=\"https:\/\/www.instagram.com\/raahfamily\/\" rel=\"nofollow noopener\" target=\"_blank\">@raahfamily<\/a> dont je suis l'un des co-r\u00eaveurs. Nous sommes une entreprise sociale bas\u00e9e au Royaume-Uni, mais nous sommes en train de nous \u00e9tablir en tant que VO \u00e0 Gozo ! C'est l'une de mes grandes passions : aider les cr\u00e9ateurs des communaut\u00e9s de la diaspora \u00e0 retrouver l'acc\u00e8s au domaine de la cr\u00e9ation dans leur nouveau pays d'origine. Notre plan \u00e0 Gozo est de construire \u00e0 partir de l\u00e0 o\u00f9 The<em> <strong>Projet JAM <\/strong><\/em>(une VO qui est maintenant transf\u00e9r\u00e9e \u00e0 la RAAH), en aidant \u00e0 reconstruire un espace communautaire pour que tous les membres de la soci\u00e9t\u00e9 puissent en profiter !<\/p>\n\n\n\n<blockquote class=\"wp-block-quote is-layout-flow wp-block-quote-is-layout-flow\">\n<p>J'aime me qualifier de \"m\u00e8re dans le d\u00e9ni\" <\/p>\n<\/blockquote>\n\n\n\n<h5 id=\"10-what-advice-would-you-give-to-someone-considering-a-move-to-malta-especially-those-doing-it-alone-or-on-a-tight-budget\" class=\"wp-block-heading\">10. Quels conseils donneriez-vous \u00e0 quelqu'un qui envisage de s'installer \u00e0 Malte, en particulier \u00e0 ceux qui le font seuls ou avec un budget serr\u00e9 ?<\/h5>\n\n\n\n<p>Je dirais que Gozo est l'endroit id\u00e9al ! Avec des loyers tr\u00e8s abordables et un mode de vie beaucoup plus facile, c'est vraiment un endroit que je recommande vivement aux autres. Essayez-le pendant quelques semaines pendant la saison creuse et vous verrez par vous-m\u00eame !<\/p>\n\n\n\n<pre class=\"wp-block-verse\">De ses r\u00e9flexions honn\u00eates \u00e0 son travail communautaire pratique, Jas Odusanya red\u00e9finit ce que signifie vivre pleinement avec moins. Qu'elle jongle avec la maternit\u00e9, qu'elle g\u00e8re des projets cr\u00e9atifs ou qu'elle construise des ponts \u00e0 travers ses r\u00e9cits, Jas continue d'inspirer les autres \u00e0 suivre leur voie, m\u00eame si cela commence avec un budget r\u00e9duit.<\/pre>\n\n\n\n<p>Si vous avez une histoire \u00e0 partager ou si vous souhaitez participer \u00e0 la conversation, nous serions ravis de vous entendre. Prenez contact avec nous via le site <strong><a href=\"https:\/\/expatax.mt\/fr\/formulaire-de-contact\/\">Formulaire de contact d'Expatax Malta<\/a><\/strong> ou contactez-nous sur<a href=\"https:\/\/www.facebook.com\/expatax.mt\"> <strong>Facebook<\/strong><\/a> ou <strong><a href=\"https:\/\/www.instagram.com\/_expatax_mt\/\" rel=\"nofollow noopener\" target=\"_blank\">Instagram<\/a><\/strong> - votre voix compte.<\/p>\n\n\n\n<figure class=\"wp-block-image size-full\"><img decoding=\"async\" width=\"612\" height=\"612\" src=\"https:\/\/expatax.mt\/wp-content\/uploads\/2025\/04\/481105402_1291772802589754_6588101630991247500_n.jpg\" alt=\"\" class=\"wp-image-7604\" title=\"\" srcset=\"https:\/\/expatax.mt\/wp-content\/uploads\/2025\/04\/481105402_1291772802589754_6588101630991247500_n.jpg 612w, https:\/\/expatax.mt\/wp-content\/uploads\/2025\/04\/481105402_1291772802589754_6588101630991247500_n-300x300.jpg 300w, https:\/\/expatax.mt\/wp-content\/uploads\/2025\/04\/481105402_1291772802589754_6588101630991247500_n-150x150.jpg 150w, https:\/\/expatax.mt\/wp-content\/uploads\/2025\/04\/481105402_1291772802589754_6588101630991247500_n-12x12.jpg 12w, https:\/\/expatax.mt\/wp-content\/uploads\/2025\/04\/481105402_1291772802589754_6588101630991247500_n-80x80.jpg 80w, https:\/\/expatax.mt\/wp-content\/uploads\/2025\/04\/481105402_1291772802589754_6588101630991247500_n-110x110.jpg 110w, https:\/\/expatax.mt\/wp-content\/uploads\/2025\/04\/481105402_1291772802589754_6588101630991247500_n-380x380.jpg 380w, https:\/\/expatax.mt\/wp-content\/uploads\/2025\/04\/481105402_1291772802589754_6588101630991247500_n-550x550.jpg 550w\" sizes=\"(max-width: 612px) 100vw, 612px\" \/><\/figure>\n\n\n\n<h2 id=\"further-reads\" class=\"wp-block-heading\">Autres lectures<\/h2>\n\n\n\n<figure class=\"wp-block-embed is-type-wp-embed is-provider-expatax-malta wp-block-embed-expatax-malta\"><div class=\"wp-block-embed__wrapper\">\n<blockquote class=\"wp-embedded-content\" data-secret=\"PEN3F99k7A\"><a href=\"https:\/\/expatax.mt\/fr\/rencontrez-petra-et-decouvrez-son-club-de-jardinage-secret-pour-les-enfants\/\">Rencontrez Petra et d\u00e9couvrez son club de jardinage secret pour les enfants<\/a><\/blockquote><iframe class=\"wp-embedded-content\" sandbox=\"allow-scripts\" security=\"restricted\" style=\"position: absolute; visibility: hidden;\" title=\"&quot;Rencontrez Petra et d\u00e9couvrez son club de jardinage secret pour les enfants&quot; - Expatax Malta\" src=\"https:\/\/expatax.mt\/meet-petra-and-discover-her-secret-garden-club-for-kids\/embed\/#?secret=XMute1cpyz#?secret=PEN3F99k7A\" data-secret=\"PEN3F99k7A\" width=\"600\" height=\"338\" frameborder=\"0\" marginwidth=\"0\" marginheight=\"0\" scrolling=\"no\"><\/iframe>\n<\/div><\/figure>\n\n\n\n<figure class=\"wp-block-embed is-type-wp-embed is-provider-expatax-malta wp-block-embed-expatax-malta\"><div class=\"wp-block-embed__wrapper\">\n<blockquote class=\"wp-embedded-content\" data-secret=\"6Ctf7OKWzc\"><a href=\"https:\/\/expatax.mt\/fr\/elif-oren-acar-et-malta-haber-voix-turque-a-malte\/\">Elif \u00d6ren Acar et Malta Haber : La voix turque \u00e0 Malte<\/a><\/blockquote><iframe class=\"wp-embedded-content\" sandbox=\"allow-scripts\" security=\"restricted\" style=\"position: absolute; visibility: hidden;\" title=\"&quot;Elif \u00d6ren Acar et Malta Haber : La voix turque \u00e0 Malte&quot; - Expatax Malta\" src=\"https:\/\/expatax.mt\/elif-oren-acar-and-malta-haber-turkish-voice-in-malta\/embed\/#?secret=IVhtw0BjFX#?secret=6Ctf7OKWzc\" data-secret=\"6Ctf7OKWzc\" width=\"600\" height=\"338\" frameborder=\"0\" marginwidth=\"0\" marginheight=\"0\" scrolling=\"no\"><\/iframe>\n<\/div><\/figure>","protected":false},"excerpt":{"rendered":"Jas Odusanya, m\u00e8re c\u00e9libataire et expatri\u00e9e \u00e0 Gozo, partage son exp\u00e9rience honn\u00eate de la maternit\u00e9, de la communaut\u00e9 et du budget. Elle \u00e9voque \u00e9galement le prochain \u00e9v\u00e9nement Connecting the Dots \u00e0 La Valette, un rassemblement puissant ax\u00e9 sur le soutien aux femmes et aux enfants demandeurs d'asile.","protected":false},"author":29,"featured_media":8294,"comment_status":"closed","ping_status":"open","sticky":false,"template":"","format":"standard","meta":{"csco_singular_sidebar":"","csco_page_header_type":"","csco_appearance_masonry":"","csco_page_load_nextpost":"","csco_post_video_location":[],"csco_post_video_location_hash":"","csco_post_video_url":"","csco_post_video_bg_start_time":0,"csco_post_video_bg_end_time":0,"footnotes":""},"categories":[107],"tags":[],"class_list":{"0":"post-8289","1":"post","2":"type-post","3":"status-publish","4":"format-standard","5":"has-post-thumbnail","7":"category-interviews","8":"cs-entry","9":"cs-video-wrap"},"_links":{"self":[{"href":"https:\/\/expatax.mt\/fr\/wp-json\/wp\/v2\/posts\/8289","targetHints":{"allow":["GET"]}}],"collection":[{"href":"https:\/\/expatax.mt\/fr\/wp-json\/wp\/v2\/posts"}],"about":[{"href":"https:\/\/expatax.mt\/fr\/wp-json\/wp\/v2\/types\/post"}],"author":[{"embeddable":true,"href":"https:\/\/expatax.mt\/fr\/wp-json\/wp\/v2\/users\/29"}],"replies":[{"embeddable":true,"href":"https:\/\/expatax.mt\/fr\/wp-json\/wp\/v2\/comments?post=8289"}],"version-history":[{"count":6,"href":"https:\/\/expatax.mt\/fr\/wp-json\/wp\/v2\/posts\/8289\/revisions"}],"predecessor-version":[{"id":8301,"href":"https:\/\/expatax.mt\/fr\/wp-json\/wp\/v2\/posts\/8289\/revisions\/8301"}],"wp:featuredmedia":[{"embeddable":true,"href":"https:\/\/expatax.mt\/fr\/wp-json\/wp\/v2\/media\/8294"}],"wp:attachment":[{"href":"https:\/\/expatax.mt\/fr\/wp-json\/wp\/v2\/media?parent=8289"}],"wp:term":[{"taxonomy":"category","embeddable":true,"href":"https:\/\/expatax.mt\/fr\/wp-json\/wp\/v2\/categories?post=8289"},{"taxonomy":"post_tag","embeddable":true,"href":"https:\/\/expatax.mt\/fr\/wp-json\/wp\/v2\/tags?post=8289"}],"curies":[{"name":"wp","href":"https:\/\/api.w.org\/{rel}","templated":true}]}}