{"id":11796,"date":"2026-03-16T11:35:19","date_gmt":"2026-03-16T10:35:19","guid":{"rendered":"https:\/\/expatax.mt\/?p=11796"},"modified":"2026-03-16T11:35:50","modified_gmt":"2026-03-16T10:35:50","slug":"travailler-plus-longtemps-a-malte-mais-gagner-moins","status":"publish","type":"post","link":"https:\/\/expatax.mt\/fr\/working-longer-hours-in-malta-ut-earning-less\/","title":{"rendered":"Travailler plus longtemps \u00e0 Malte mais gagner moins ? Le paradoxe du travail"},"content":{"rendered":"<p>L'allongement de la dur\u00e9e du travail \u00e0 Malte est souvent \u00e9voqu\u00e9 lorsqu'il est question de l'\u00e9volution du march\u00e9 du travail du pays. Au cours de la derni\u00e8re d\u00e9cennie, Malte s'est forg\u00e9 la r\u00e9putation d'\u00eatre l'une des \u00e9conomies \u00e0 la croissance la plus rapide de l'Union europ\u00e9enne, avec une croissance r\u00e9guli\u00e8re de l'emploi, des industries en expansion et l'un des taux de ch\u00f4mage les plus bas d'Europe.<\/p>\n\n\n\n<p>Pourtant, sous ces indicateurs positifs se cache une contradiction qui attire de plus en plus l'attention des \u00e9conomistes, des d\u00e9cideurs politiques et des travailleurs.<\/p>\n\n\n\n<p>Les Maltais travaillent souvent plus longtemps que la plupart de leurs homologues europ\u00e9ens. Dans le m\u00eame temps, les salaires restent relativement modestes par rapport \u00e0 la plupart des pays de l'Union europ\u00e9enne, en particulier par rapport aux \u00e9conomies d'Europe occidentale.<\/p>\n\n\n\n<p>Cela a conduit certains observateurs \u00e0 d\u00e9crire la situation de Malte comme un paradoxe du travail. Un pays o\u00f9 l'emploi est abondant et o\u00f9 l'activit\u00e9 \u00e9conomique reste forte, mais o\u00f9 le lien entre l'effort et le revenu ne suit pas toujours le mod\u00e8le observ\u00e9 dans de nombreuses \u00e9conomies europ\u00e9ennes plus riches.<\/p>\n\n\n\n<p>Pour comprendre ce paradoxe, il faut examiner trois \u00e9l\u00e9ments interconnect\u00e9s qui fa\u00e7onnent le march\u00e9 du travail maltais : de bons r\u00e9sultats en mati\u00e8re d'emploi, des horaires de travail relativement longs et des niveaux de salaire qui restent largement inf\u00e9rieurs \u00e0 la moyenne de l'Union europ\u00e9enne.<\/p>\n\n\n\n<h2 id=\"a-labour-market-that-continues-to-perform\" class=\"wp-block-heading\">Un march\u00e9 du travail toujours performant<\/h2>\n\n\n\n<p>Malgr\u00e9 le d\u00e9bat sur les salaires et les conditions de travail, le march\u00e9 du travail maltais reste exceptionnellement solide.<\/p>\n\n\n\n<p>Au cours de la derni\u00e8re d\u00e9cennie, le pays a connu une croissance r\u00e9guli\u00e8re de l'emploi gr\u00e2ce \u00e0 l'expansion de secteurs tels que le tourisme, les services financiers, les jeux, la construction et les services professionnels. Les entreprises de ces secteurs continuent de recruter activement, ce qui cr\u00e9e un march\u00e9 du travail o\u00f9 la demande de travailleurs reste constamment \u00e9lev\u00e9e.<\/p>\n\n\n\n<p>Selon l'Office national des statistiques de Malte, le taux d'activit\u00e9 des personnes \u00e2g\u00e9es de 15 \u00e0 64 ans est pass\u00e9 de 74,8 % en 2019 \u00e0 81,8 % en 2024. Cette \u00e9volution refl\u00e8te \u00e0 la fois la croissance \u00e9conomique et les changements structurels sur le march\u00e9 du travail, notamment une plus grande participation de la population active et un nombre croissant de travailleurs \u00e9trangers entrant dans l'\u00e9conomie.<\/p>\n\n\n\n<p>Les donn\u00e9es d'Eurostat confirment la m\u00eame tendance. Malte a enregistr\u00e9 l'un des taux d'emploi les plus \u00e9lev\u00e9s de l'Union europ\u00e9enne en 2024, avec 83 % des personnes \u00e2g\u00e9es de 20 \u00e0 64 ans ayant un emploi.<\/p>\n\n\n\n<p>Dans le m\u00eame temps, le taux de ch\u00f4mage reste remarquablement bas. L'INS a indiqu\u00e9 que le taux de ch\u00f4mage de Malte s'\u00e9levait \u00e0 environ 3,2 % en 2024, ce qui est nettement inf\u00e9rieur \u00e0 la moyenne de l'UE, qui est d'environ 5,9 %.<\/p>\n\n\n\n<p>Un march\u00e9 du travail aussi tendu cr\u00e9e in\u00e9vitablement des pressions. Les employeurs font souvent \u00e9tat de difficult\u00e9s \u00e0 trouver du personnel, et Malte compte de plus en plus sur les travailleurs \u00e9trangers pour soutenir la croissance \u00e9conomique et combler les p\u00e9nuries de main-d'\u0153uvre, une tendance \u00e9galement mise en \u00e9vidence dans le rapport de la Commission europ\u00e9enne sur l'emploi. <a href=\"https:\/\/economy-finance.ec.europa.eu\/economic-surveillance-eu-member-states\/country-pages\/country-report-malta_en?utm_source=chatgpt.com\" data-type=\"link\" data-id=\"https:\/\/economy-finance.ec.europa.eu\/economic-surveillance-eu-member-states\/country-pages\/country-report-malta_en?utm_source=chatgpt.com\" rel=\"nofollow noopener\" target=\"_blank\"><strong>Rapport de la Commission europ\u00e9enne sur Malte<\/strong>.<\/a><\/p>\n\n\n\n<p>Le paradoxe commence lorsque nous examinons comment ces emplois se traduisent en termes de conditions de travail, de salaires et de niveaux de vie quotidiens.<\/p>\n\n\n\n<h2 id=\"working-hours-in-malta-compared-with-europe\" class=\"wp-block-heading\">Heures de travail \u00e0 Malte par rapport \u00e0 l'Europe<\/h2>\n\n\n\n<p><strong>Les heures de travail constituent la premi\u00e8re partie du tableau.<\/strong><\/p>\n\n\n\n<p>Dans l'ensemble de l'Union europ\u00e9enne, la semaine de travail effective moyenne pour les personnes \u00e2g\u00e9es de 20 \u00e0 64 ans \u00e9tait d'environ 36 heures en 2024, en tenant compte des travailleurs \u00e0 temps plein et \u00e0 temps partiel. Les chiffres de Malte tendent \u00e0 \u00eatre plus \u00e9lev\u00e9s.<\/p>\n\n\n\n<p>Les salari\u00e9s \u00e0 temps plein travaillent g\u00e9n\u00e9ralement un peu plus de 40 heures par semaine en moyenne. Plus important encore, les semaines de travail prolong\u00e9es sont relativement courantes. Environ 14,6 % des travailleurs maltais d\u00e9clarent travailler plus de 45 heures par semaine, ce qui place le pays parmi les \u00c9tats de l'UE o\u00f9 les horaires de travail plus longs sont les plus r\u00e9pandus.<\/p>\n\n\n\n<p>Cela ne signifie pas n\u00e9cessairement que les travailleurs maltais sont particuli\u00e8rement surcharg\u00e9s. Cela refl\u00e8te plut\u00f4t la structure de l'\u00e9conomie locale. Malte est fortement tributaire des industries de services, de nombreux secteurs fonctionnent selon des horaires exigeants et l'emploi \u00e0 temps partiel reste moins courant dans certaines industries que dans les pays d'Europe du Nord.<\/p>\n\n\n\n<p>Par cons\u00e9quent, l'allongement de la semaine de travail est devenu un \u00e9l\u00e9ment familier du rythme \u00e9conomique de Malte. Pour de nombreux m\u00e9nages, travailler davantage reste l'un des moyens les plus imm\u00e9diats d'augmenter leurs revenus.<\/p>\n\n\n\n<h2 id=\"where-is-the-demand\" class=\"wp-block-heading\">O\u00f9 est la demande ?<\/h2>\n\n\n\n<figure class=\"wp-block-image size-large\"><img fetchpriority=\"high\" decoding=\"async\" width=\"1024\" height=\"683\" src=\"https:\/\/expatax.mt\/wp-content\/uploads\/2026\/03\/Man-holding-a-clock-on-his-back-1024x683.png\" alt=\"\" class=\"wp-image-11803\" title=\"\" srcset=\"https:\/\/expatax.mt\/wp-content\/uploads\/2026\/03\/Man-holding-a-clock-on-his-back-1024x683.png 1024w, https:\/\/expatax.mt\/wp-content\/uploads\/2026\/03\/Man-holding-a-clock-on-his-back-300x200.png 300w, https:\/\/expatax.mt\/wp-content\/uploads\/2026\/03\/Man-holding-a-clock-on-his-back-768x512.png 768w, https:\/\/expatax.mt\/wp-content\/uploads\/2026\/03\/Man-holding-a-clock-on-his-back-18x12.png 18w, https:\/\/expatax.mt\/wp-content\/uploads\/2026\/03\/Man-holding-a-clock-on-his-back-380x253.png 380w, https:\/\/expatax.mt\/wp-content\/uploads\/2026\/03\/Man-holding-a-clock-on-his-back-550x367.png 550w, https:\/\/expatax.mt\/wp-content\/uploads\/2026\/03\/Man-holding-a-clock-on-his-back-800x533.png 800w, https:\/\/expatax.mt\/wp-content\/uploads\/2026\/03\/Man-holding-a-clock-on-his-back-1160x773.png 1160w, https:\/\/expatax.mt\/wp-content\/uploads\/2026\/03\/Man-holding-a-clock-on-his-back.png 1536w\" sizes=\"(max-width: 1024px) 100vw, 1024px\" \/><figcaption class=\"wp-element-caption\"><em>Illustration conceptuelle de l'allongement de la dur\u00e9e du travail \u00e0 Malte<\/em><\/figcaption><\/figure>\n\n\n\n<p>Lorsque l'on examine de plus pr\u00e8s le march\u00e9 du travail maltais, une question naturelle se pose : d'o\u00f9 vient r\u00e9ellement la demande ?<\/p>\n\n\n\n<p>La r\u00e9ponse ne surprendra pas les habitants de l'\u00eele. Certains secteurs reviennent sans cesse lorsqu'il est question de p\u00e9nurie de main-d'\u0153uvre. La construction arrive en t\u00eate de liste, suivie de pr\u00e8s par le tourisme et l'h\u00f4tellerie, deux secteurs devenus essentiels \u00e0 la croissance \u00e9conomique de Malte.<\/p>\n\n\n\n<p>Mais l'histoire ne s'arr\u00eate pas aux grues et aux h\u00f4tels. Les secteurs de la sant\u00e9, du transport et de la logistique, des services financiers et de l'industrie technologique en plein essor \u00e0 Malte sont \u00e9galement confront\u00e9s \u00e0 une forte demande de main-d'\u0153uvre, ce qui accro\u00eet la pression sur un march\u00e9 du travail d\u00e9j\u00e0 tendu.<\/p>\n\n\n\n<h2 id=\"minimum-wage-across-europe-where-malta-stands\" class=\"wp-block-heading\">Salaire minimum dans toute l'Europe O\u00f9 en est Malte ?<\/h2>\n\n\n\n<p>Les salaires constituent le deuxi\u00e8me \u00e9l\u00e9ment du paradoxe maltais en mati\u00e8re de main-d'\u0153uvre.<\/p>\n\n\n\n<p>Les salaires minimums varient consid\u00e9rablement au sein de l'Union europ\u00e9enne. En 2026, 22 \u00c9tats membres de l'UE disposeront d'un salaire minimum national l\u00e9gal, tandis que des pays comme le Danemark, la Su\u00e8de, l'Autriche, la Finlande et l'Italie s'appuieront principalement sur des conventions collectives.<\/p>\n\n\n\n<p>Dans l'UE, les salaires minimums vont d'environ 620 euros par mois en Bulgarie \u00e0 plus de 2 700 euros au Luxembourg. Malte se situe dans la moyenne inf\u00e9rieure des niveaux de salaire minimum de l'UE.<\/p>\n\n\n\n<h3 id=\"monthly-minimum-wage-in-selected-eu-countries-2026\" class=\"wp-block-heading\">Salaire minimum mensuel dans certains pays de l'UE (2026)<\/h3>\n\n\n\n<div class=\"wp-block-group is-style-cnvs-block-shadow\"><div class=\"wp-block-group__inner-container is-layout-constrained wp-block-group-is-layout-constrained\">\n<figure class=\"wp-block-table\"><table class=\"has-fixed-layout\"><thead><tr><th class=\"has-text-align-center\" data-align=\"center\">Pays<\/th><th class=\"has-text-align-center\" data-align=\"center\">Salaire minimum (\u20ac par mois)<\/th><\/tr><\/thead><tbody><tr><td class=\"has-text-align-center\" data-align=\"center\">\ud83c\uddf1\ud83c\uddfa Luxembourg<\/td><td class=\"has-text-align-center\" data-align=\"center\">2704<\/td><\/tr><tr><td class=\"has-text-align-center\" data-align=\"center\">\ud83c\udde9\ud83c\uddea Allemagne<\/td><td class=\"has-text-align-center\" data-align=\"center\">2222<\/td><\/tr><tr><td class=\"has-text-align-center\" data-align=\"center\">\ud83c\uddf3\ud83c\uddf1 Pays-Bas<\/td><td class=\"has-text-align-center\" data-align=\"center\">2193<\/td><\/tr><tr><td class=\"has-text-align-center\" data-align=\"center\">\ud83c\uddee\ud83c\uddea Irlande<\/td><td class=\"has-text-align-center\" data-align=\"center\">2146<\/td><\/tr><tr><td class=\"has-text-align-center\" data-align=\"center\">\ud83c\udde7\ud83c\uddea Belgique<\/td><td class=\"has-text-align-center\" data-align=\"center\">2112<\/td><\/tr><tr><td class=\"has-text-align-center\" data-align=\"center\">\ud83c\uddeb\ud83c\uddf7 France<\/td><td class=\"has-text-align-center\" data-align=\"center\">1801<\/td><\/tr><tr><td class=\"has-text-align-center\" data-align=\"center\">\ud83c\uddea\ud83c\uddf8 Espagne<\/td><td class=\"has-text-align-center\" data-align=\"center\">1323<\/td><\/tr><tr><td class=\"has-text-align-center\" data-align=\"center\">\ud83c\uddf8\ud83c\uddee Slov\u00e9nie<\/td><td class=\"has-text-align-center\" data-align=\"center\">1278<\/td><\/tr><tr><td class=\"has-text-align-center\" data-align=\"center\">\ud83c\udde8\ud83c\uddfe Chypre<\/td><td class=\"has-text-align-center\" data-align=\"center\">1088<\/td><\/tr><tr><td class=\"has-text-align-center\" data-align=\"center\">\ud83c\udded\ud83c\uddf7 Croatie<\/td><td class=\"has-text-align-center\" data-align=\"center\">1050<\/td><\/tr><tr><td class=\"has-text-align-center\" data-align=\"center\">\ud83c\uddec\ud83c\uddf7 Gr\u00e8ce<\/td><td class=\"has-text-align-center\" data-align=\"center\">1026<\/td><\/tr><tr><td class=\"has-text-align-center\" data-align=\"center\">\ud83c\uddf2\ud83c\uddf9 <strong>Malte<\/strong><\/td><td class=\"has-text-align-center\" data-align=\"center\"><strong>994<\/strong><\/td><\/tr><tr><td class=\"has-text-align-center\" data-align=\"center\">\ud83c\udde8\ud83c\uddff R\u00e9publique tch\u00e8que<\/td><td class=\"has-text-align-center\" data-align=\"center\">922<\/td><\/tr><tr><td class=\"has-text-align-center\" data-align=\"center\">\ud83c\uddea\ud83c\uddea Estonie<\/td><td class=\"has-text-align-center\" data-align=\"center\">886<\/td><\/tr><tr><td class=\"has-text-align-center\" data-align=\"center\">\ud83c\udded\ud83c\uddfa Hongrie<\/td><td class=\"has-text-align-center\" data-align=\"center\">844<\/td><\/tr><tr><td class=\"has-text-align-center\" data-align=\"center\">\ud83c\uddf7\ud83c\uddf4 Roumanie<\/td><td class=\"has-text-align-center\" data-align=\"center\">814<\/td><\/tr><tr><td class=\"has-text-align-center\" data-align=\"center\">\ud83c\uddf1\ud83c\uddfb Lettonie<\/td><td class=\"has-text-align-center\" data-align=\"center\">700<\/td><\/tr><tr><td class=\"has-text-align-center\" data-align=\"center\">\ud83c\udde7\ud83c\uddec Bulgarie<\/td><td class=\"has-text-align-center\" data-align=\"center\">620<\/td><\/tr><\/tbody><\/table><\/figure>\n\n\n<div class=\"wp-block-image\">\n<figure class=\"aligncenter size-large is-resized\"><img decoding=\"async\" width=\"683\" height=\"1024\" src=\"https:\/\/expatax.mt\/wp-content\/uploads\/2026\/03\/close-up-economy-crisis-with-euros-1-683x1024.jpg\" alt=\"\" class=\"wp-image-11807\" style=\"width:225px;height:auto\" title=\"\" srcset=\"https:\/\/expatax.mt\/wp-content\/uploads\/2026\/03\/close-up-economy-crisis-with-euros-1-683x1024.jpg 683w, https:\/\/expatax.mt\/wp-content\/uploads\/2026\/03\/close-up-economy-crisis-with-euros-1-200x300.jpg 200w, https:\/\/expatax.mt\/wp-content\/uploads\/2026\/03\/close-up-economy-crisis-with-euros-1-768x1152.jpg 768w, https:\/\/expatax.mt\/wp-content\/uploads\/2026\/03\/close-up-economy-crisis-with-euros-1-1024x1536.jpg 1024w, https:\/\/expatax.mt\/wp-content\/uploads\/2026\/03\/close-up-economy-crisis-with-euros-1-1365x2048.jpg 1365w, https:\/\/expatax.mt\/wp-content\/uploads\/2026\/03\/close-up-economy-crisis-with-euros-1-8x12.jpg 8w, https:\/\/expatax.mt\/wp-content\/uploads\/2026\/03\/close-up-economy-crisis-with-euros-1-380x570.jpg 380w, https:\/\/expatax.mt\/wp-content\/uploads\/2026\/03\/close-up-economy-crisis-with-euros-1-550x825.jpg 550w, https:\/\/expatax.mt\/wp-content\/uploads\/2026\/03\/close-up-economy-crisis-with-euros-1-800x1200.jpg 800w, https:\/\/expatax.mt\/wp-content\/uploads\/2026\/03\/close-up-economy-crisis-with-euros-1-1160x1740.jpg 1160w, https:\/\/expatax.mt\/wp-content\/uploads\/2026\/03\/close-up-economy-crisis-with-euros-1-scaled.jpg 1707w\" sizes=\"(max-width: 683px) 100vw, 683px\" \/><\/figure>\n<\/div><\/div><\/div>\n\n\n\n<p>Cette comparaison illustre clairement l'\u00e9cart. Malte ne fait pas partie des pays de l'UE o\u00f9 les salaires sont les plus bas, mais elle reste bien en de\u00e7\u00e0 de nombreuses \u00e9conomies d'Europe occidentale o\u00f9 les salaires minimums sont consid\u00e9rablement plus \u00e9lev\u00e9s.<\/p>\n\n\n\n<div class=\"wp-block-group is-style-cnvs-block-bordered\"><div class=\"wp-block-group__inner-container is-layout-constrained wp-block-group-is-layout-constrained\">\n<p>Pour les personnes qui envisagent de s'installer \u00e0 Malte, cette diff\u00e9rence entre les salaires nominaux et le pouvoir d'achat devient un facteur important lorsqu'il s'agit d'\u00e9valuer les attentes en mati\u00e8re de revenus.<\/p>\n\n\n\n<figure class=\"wp-block-embed is-type-wp-embed is-provider-expatax-malta wp-block-embed-expatax-malta\"><div class=\"wp-block-embed__wrapper\">\n<blockquote class=\"wp-embedded-content\" data-secret=\"uYb7uZEGy2\"><a href=\"https:\/\/expatax.mt\/fr\/sinstaller-a-malte-en-2025-la-vie-des-expatries-des-nomades-digitaux-et-des-retraites\/\">La vie des expatri\u00e9s, des nomades num\u00e9riques et des retrait\u00e9s \u00e0 Malte en 2026<\/a><\/blockquote><iframe class=\"wp-embedded-content\" sandbox=\"allow-scripts\" security=\"restricted\" style=\"position: absolute; visibility: hidden;\" title=\"\u201cLa vie des expatri\u00e9s, des nomades num\u00e9riques et des retrait\u00e9s \u00e0 Malte en 2026\u201d - Expatax Malta\" src=\"https:\/\/expatax.mt\/moving-to-malta-in-2025-what-life-is-really-like-for-expats-digital-nomads-and-retirees\/embed\/#?secret=CL3y78OPtF#?secret=uYb7uZEGy2\" data-secret=\"uYb7uZEGy2\" width=\"600\" height=\"338\" frameborder=\"0\" marginwidth=\"0\" marginheight=\"0\" scrolling=\"no\"><\/iframe>\n<\/div><\/figure>\n<\/div><\/div>\n\n\n\n<h2 id=\"average-earnings-tell-a-similar-story\" class=\"wp-block-heading\">Les revenus moyens racontent une histoire similaire<\/h2>\n\n\n\n<p>Les chiffres du salaire minimum ne fournissent qu'une seule perspective. Les revenus moyens racontent une histoire similaire.<\/p>\n\n\n\n<p>Les donn\u00e9es sur le march\u00e9 du travail fournies par EURES montrent que le salaire mensuel moyen brut \u00e0 Malte \u00e9tait d'environ 2 269 euros en 2023. \u00c0 titre de comparaison, la moyenne de l'UE s'\u00e9levait \u00e0 environ 3 417 euros.<\/p>\n\n\n\n<p>Les revenus nets r\u00e9v\u00e8lent un \u00e9cart similaire. Le salaire net moyen \u00e0 Malte \u00e9tait estim\u00e9 \u00e0 environ 1 705 euros par mois, contre 2 351 euros dans l'Union europ\u00e9enne.<\/p>\n\n\n\n<p>Bien que les salaires aient progressivement augment\u00e9 \u00e0 Malte au cours des derni\u00e8res ann\u00e9es, ils n'ont pas progress\u00e9 au m\u00eame rythme que dans de nombreux autres pays de l'UE.<\/p>\n\n\n\n<p>Pris ensemble, ces chiffres mettent en \u00e9vidence le c\u0153ur du paradoxe maltais en mati\u00e8re d'emploi. Le taux d'emploi est \u00e9lev\u00e9 et les travailleurs travaillent souvent plus longtemps, mais les niveaux de revenus restent inf\u00e9rieurs \u00e0 ceux de la plupart des pays de l'Union europ\u00e9enne.<\/p>\n\n\n\n<h2 id=\"cost-of-living-the-missing-piece-of-the-puzzle\" class=\"wp-block-heading\">Co\u00fbt de la vie : la pi\u00e8ce manquante du puzzle<\/h2>\n\n\n\n<p>Lorsque l'on parle de salaires et d'heures de travail, un autre facteur important ne peut \u00eatre ignor\u00e9 : le co\u00fbt de la vie.<\/p>\n\n\n\n<p>Au cours de la derni\u00e8re d\u00e9cennie, Malte a connu une augmentation significative des prix des logements et des loyers. La demande de logements a augment\u00e9 rapidement avec l'accroissement de la population et l'arriv\u00e9e d'un plus grand nombre de travailleurs \u00e9trangers sur l'\u00eele.<\/p>\n\n\n\n<p>Pour de nombreux r\u00e9sidents, le loyer est devenu la principale d\u00e9pense mensuelle. Dans les quartiers centraux tels que Sliema, St Julian's ou G\u017cira, un appartement d'une chambre \u00e0 coucher peut facilement d\u00e9passer les 1 000 euros par mois, tandis que les appartements plus grands situ\u00e9s dans des endroits populaires se situent souvent entre 1 400 et 2 000 euros, voire plus, selon la taille et l'emplacement.<\/p>\n\n\n\n<p>Dans le m\u00eame temps, les d\u00e9penses quotidiennes telles que l'\u00e9picerie, les services publics et les services ont \u00e9galement augment\u00e9 \u00e0 mesure que l'\u00e9conomie maltaise se d\u00e9veloppait et que l'inflation touchait une grande partie de l'Europe. C'est l\u00e0 que le paradoxe du travail maltais devient plus visible. Les travailleurs peuvent \u00eatre employ\u00e9s et gagner un revenu r\u00e9gulier, mais l'augmentation du co\u00fbt de la vie peut rapidement absorber une grande partie de ces revenus. Par cons\u00e9quent, de nombreux m\u00e9nages doivent travailler plus longtemps pour maintenir leur niveau de vie.<\/p>\n\n\n\n<div class=\"wp-block-group is-style-cnvs-block-bordered\"><div class=\"wp-block-group__inner-container is-layout-constrained wp-block-group-is-layout-constrained\">\n<p>Pour les expatri\u00e9s qui envisagent de vivre et de travailler \u00e0 Malte, il est essentiel de comprendre l'\u00e9quilibre entre les salaires et le co\u00fbt de la vie.<\/p>\n\n\n\n<figure class=\"wp-block-embed is-type-wp-embed is-provider-expatax-malta wp-block-embed-expatax-malta\"><div class=\"wp-block-embed__wrapper\">\n<blockquote class=\"wp-embedded-content\" data-secret=\"kH0uONVG63\"><a href=\"https:\/\/expatax.mt\/fr\/prix-des-denrees-alimentaires-a-malte-les-donnees-officielles-indiquent-une-augmentation-de-3-a-4\/\">Prix des denr\u00e9es alimentaires \u00e0 Malte : Les donn\u00e9es officielles montrent une augmentation de 3,4%<\/a><\/blockquote><iframe class=\"wp-embedded-content\" sandbox=\"allow-scripts\" security=\"restricted\" style=\"position: absolute; visibility: hidden;\" title=\"\u201cPrix des denr\u00e9es alimentaires \u00e0 Malte : Les donn\u00e9es officielles montrent une augmentation de 3,4%\u201d - Expatax Malta\" src=\"https:\/\/expatax.mt\/food-prices-in-malta-official-data-shows-a-3-4-increase\/embed\/#?secret=umr2lifZMX#?secret=kH0uONVG63\" data-secret=\"kH0uONVG63\" width=\"600\" height=\"338\" frameborder=\"0\" marginwidth=\"0\" marginheight=\"0\" scrolling=\"no\"><\/iframe>\n<\/div><\/figure>\n<\/div><\/div>\n\n\n\n<h2 id=\"longer-hours-in-malta-a-key-part-of-the-labour-market-debate\" class=\"wp-block-heading\">L'allongement de la dur\u00e9e du travail \u00e0 Malte : Un \u00e9l\u00e9ment cl\u00e9 du d\u00e9bat sur le march\u00e9 du travail<\/h2>\n\n\n\n<p>Le d\u00e9bat sur le march\u00e9 du travail maltais d\u00e9passe de plus en plus le cadre des salaires pour s'\u00e9tendre aux heures de travail et \u00e0 la qualit\u00e9 de vie. En 2025, la question a attir\u00e9 l'attention du monde politique lorsque le chef de l'opposition, Alex Borg, s'est inqui\u00e9t\u00e9 de la longue culture du travail \u00e0 Malte lors des discussions politiques sur l'avenir du travail.<\/p>\n\n\n\n<p>M. Borg a sugg\u00e9r\u00e9 d'explorer des projets pilotes pour une semaine de travail de quatre jours, en particulier dans le secteur public, estimant que Malte devrait se concentrer davantage sur la productivit\u00e9 par heure plut\u00f4t que de s'appuyer uniquement sur des semaines de travail plus longues.<\/p>\n\n\n\n<p>La proposition a rapidement suscit\u00e9 un d\u00e9bat. Des organisations patronales telles que l'Association des employeurs de Malte ont averti qu'une semaine de travail plus courte pourrait s'av\u00e9rer difficile \u00e0 mettre en \u0153uvre sur un march\u00e9 du travail d\u00e9j\u00e0 confront\u00e9 \u00e0 des p\u00e9nuries de main-d'\u0153uvre. La Chambre de commerce de Malte a \u00e9galement fait part de ses inqui\u00e9tudes quant \u00e0 la comp\u00e9titivit\u00e9 des secteurs fortement tributaires du travail post\u00e9, notamment l'h\u00f4tellerie, l'industrie manufacturi\u00e8re et les soins de sant\u00e9.<\/p>\n\n\n\n<p>Bien qu'aucun changement de politique n'ait suivi, la discussion a mis en lumi\u00e8re une question importante dans l'\u00e9volution du march\u00e9 du travail maltais : <\/p>\n\n\n\n<blockquote class=\"wp-block-quote has-medium-font-size is-layout-flow wp-block-quote-is-layout-flow\">\n<p>La croissance \u00e9conomique doit-elle continuer \u00e0 d\u00e9pendre de l'allongement de la dur\u00e9e du travail, ou faut-il plut\u00f4t se concentrer sur la productivit\u00e9 et l'am\u00e9lioration de l'\u00e9quilibre entre vie professionnelle et vie priv\u00e9e ?<\/p>\n<\/blockquote>\n\n\n\n<h2 id=\"the-real-question-for-maltas-labour-market\" class=\"wp-block-heading\">La vraie question pour le march\u00e9 du travail maltais<\/h2>\n\n\n\n<p>Si l'on ajoute l'augmentation du co\u00fbt de la vie \u00e0 l'\u00e9quation, le paradoxe devient plus facile \u00e0 comprendre. Un taux d'emploi \u00e9lev\u00e9 maintient l'\u00e9conomie en mouvement, mais il cr\u00e9e \u00e9galement un march\u00e9 du travail o\u00f9 l'allongement de la dur\u00e9e du travail est souvent le moyen le plus rapide de maintenir les revenus plut\u00f4t que d'augmenter la productivit\u00e9.<\/p>\n\n\n\n<p>En d'autres termes, l'\u00e9conomie maltaise a tr\u00e8s bien r\u00e9ussi \u00e0 cr\u00e9er du travail. Le d\u00e9fi consiste maintenant \u00e0 faire en sorte que le travail devienne plus productif et mieux r\u00e9mun\u00e9r\u00e9.<\/p>\n\n\n\n<p>Pour les expatri\u00e9s qui envisagent de vivre et de travailler \u00e0 Malte, la situation est donc nuanc\u00e9e. Les opportunit\u00e9s sont nombreuses et la demande de travailleurs reste forte, mais il est essentiel de comprendre comment les salaires, les heures de travail et le co\u00fbt de la vie interagissent pour \u00e9valuer le march\u00e9 du travail de l'\u00eele.<\/p>\n\n\n\n<blockquote class=\"wp-block-quote has-medium-font-size is-layout-flow wp-block-quote-is-layout-flow\">\n<p>La v\u00e9ritable question qui se pose au march\u00e9 du travail maltais est simple : la croissance doit-elle reposer sur des semaines de travail plus longues ou sur une productivit\u00e9 mieux r\u00e9mun\u00e9r\u00e9e ?<\/p>\n<\/blockquote>\n\n\n\n<h2 id=\"note-from-expatax-malta\" class=\"wp-block-heading\">Note d'Expatax Malta<\/h2>\n\n\n\n<p>Au <strong><a href=\"https:\/\/expatax.mt\/fr\/\" data-type=\"link\" data-id=\"www.expatax.mt\">Expatax Malte<\/a><\/strong>, Nous analysons r\u00e9guli\u00e8rement les tendances \u00e9conomiques, les d\u00e9veloppements fiscaux et les changements r\u00e9glementaires qui affectent les expatri\u00e9s, les entrepreneurs et les professionnels qui vivent et travaillent \u00e0 Malte. <\/p>\n\n\n\n<p>Si vous souhaitez discuter de votre situation plus en d\u00e9tail, vous pouvez prendre rendez-vous pour une consultation afin d'explorer les options qui s'offrent \u00e0 vous. Nous proposons \u00e9galement un <strong>15 minutes gratuites <\/strong>une consultation pr\u00e9liminaire, vous permettant de poser vos premi\u00e8res questions et de mieux comprendre comment nous pouvons vous aider.<\/p>\n\n\n\n<div class=\"wp-block-group alignfull has-orange-background-color has-text-color has-background\" style=\"color:#000000\"><div class=\"wp-block-group__inner-container is-layout-flow wp-block-group-is-layout-flow\">\n<div style=\"height:64px\" aria-hidden=\"true\" class=\"wp-block-spacer\"><\/div>\n\n\n\n<p class=\"has-text-align-center has-small-font-size\" style=\"line-height:.9\"><strong>CONTACTEZ-NOUS<\/strong><\/p>\n\n\n\n<h2 class=\"wp-block-heading has-text-align-center\" id=\"schedule-a-visit\" style=\"font-size:38px;line-height:1.15\"><span id=\"schedule-a-consultation\"><strong>Programmer un <\/strong>Consultation<\/span><\/h2>\n\n\n\n<div class=\"wp-block-buttons is-horizontal is-content-justification-center is-layout-flex wp-container-core-buttons-is-layout-499968f5 wp-block-buttons-is-layout-flex\">\n<div class=\"wp-block-button has-custom-width wp-block-button__width-50\"><a class=\"wp-block-button__link has-text-color has-background wp-element-button\" href=\"https:\/\/expatax.mt\/fr\/formulaire-de-contact\/\" style=\"border-radius:50px;color:#ffffff;background-color:#000000\">Contactez nous<\/a><\/div>\n<\/div>\n\n\n\n<div style=\"height:64px\" aria-hidden=\"true\" class=\"wp-block-spacer\"><\/div>\n<\/div><\/div>\n\n\n\n<p>Pour rester inform\u00e9 sur l'\u00e9conomie, la fiscalit\u00e9, les possibilit\u00e9s de r\u00e9sidence et l'environnement commercial de Malte, suivez-nous sur les m\u00e9dias sociaux et d\u00e9couvrez nos articles hebdomadaires sur la vie et les affaires sur l'\u00eele.<\/p>\n\n\n\n<ul class=\"wp-block-social-links aligncenter is-layout-flex wp-block-social-links-is-layout-flex\"><li class=\"wp-social-link wp-social-link-facebook  wp-block-social-link\"><a href=\"https:\/\/www.facebook.com\/expatax.mt\/\" class=\"wp-block-social-link-anchor\"><svg width=\"24\" height=\"24\" viewbox=\"0 0 24 24\" version=\"1.1\" xmlns=\"http:\/\/www.w3.org\/2000\/svg\" aria-hidden=\"true\" focusable=\"false\"><path d=\"M12 2C6.5 2 2 6.5 2 12c0 5 3.7 9.1 8.4 9.9v-7H7.9V12h2.5V9.8c0-2.5 1.5-3.9 3.8-3.9 1.1 0 2.2.2 2.2.2v2.5h-1.3c-1.2 0-1.6.8-1.6 1.6V12h2.8l-.4 2.9h-2.3v7C18.3 21.1 22 17 22 12c0-5.5-4.5-10-10-10z\"><\/path><\/svg><span class=\"wp-block-social-link-label screen-reader-text\">Facebook<\/span><\/a><\/li>\n\n<li class=\"wp-social-link wp-social-link-instagram  wp-block-social-link\"><a href=\"https:\/\/www.instagram.com\/_expatax_mt\/\" class=\"wp-block-social-link-anchor\" rel=\"nofollow noopener\" target=\"_blank\"><svg width=\"24\" height=\"24\" viewbox=\"0 0 24 24\" version=\"1.1\" xmlns=\"http:\/\/www.w3.org\/2000\/svg\" aria-hidden=\"true\" focusable=\"false\"><path d=\"M12,4.622c2.403,0,2.688,0.009,3.637,0.052c0.877,0.04,1.354,0.187,1.671,0.31c0.42,0.163,0.72,0.358,1.035,0.673 c0.315,0.315,0.51,0.615,0.673,1.035c0.123,0.317,0.27,0.794,0.31,1.671c0.043,0.949,0.052,1.234,0.052,3.637 s-0.009,2.688-0.052,3.637c-0.04,0.877-0.187,1.354-0.31,1.671c-0.163,0.42-0.358,0.72-0.673,1.035 c-0.315,0.315-0.615,0.51-1.035,0.673c-0.317,0.123-0.794,0.27-1.671,0.31c-0.949,0.043-1.233,0.052-3.637,0.052 s-2.688-0.009-3.637-0.052c-0.877-0.04-1.354-0.187-1.671-0.31c-0.42-0.163-0.72-0.358-1.035-0.673 c-0.315-0.315-0.51-0.615-0.673-1.035c-0.123-0.317-0.27-0.794-0.31-1.671C4.631,14.688,4.622,14.403,4.622,12 s0.009-2.688,0.052-3.637c0.04-0.877,0.187-1.354,0.31-1.671c0.163-0.42,0.358-0.72,0.673-1.035 c0.315-0.315,0.615-0.51,1.035-0.673c0.317-0.123,0.794-0.27,1.671-0.31C9.312,4.631,9.597,4.622,12,4.622 M12,3 C9.556,3,9.249,3.01,8.289,3.054C7.331,3.098,6.677,3.25,6.105,3.472C5.513,3.702,5.011,4.01,4.511,4.511 c-0.5,0.5-0.808,1.002-1.038,1.594C3.25,6.677,3.098,7.331,3.054,8.289C3.01,9.249,3,9.556,3,12c0,2.444,0.01,2.751,0.054,3.711 c0.044,0.958,0.196,1.612,0.418,2.185c0.23,0.592,0.538,1.094,1.038,1.594c0.5,0.5,1.002,0.808,1.594,1.038 c0.572,0.222,1.227,0.375,2.185,0.418C9.249,20.99,9.556,21,12,21s2.751-0.01,3.711-0.054c0.958-0.044,1.612-0.196,2.185-0.418 c0.592-0.23,1.094-0.538,1.594-1.038c0.5-0.5,0.808-1.002,1.038-1.594c0.222-0.572,0.375-1.227,0.418-2.185 C20.99,14.751,21,14.444,21,12s-0.01-2.751-0.054-3.711c-0.044-0.958-0.196-1.612-0.418-2.185c-0.23-0.592-0.538-1.094-1.038-1.594 c-0.5-0.5-1.002-0.808-1.594-1.038c-0.572-0.222-1.227-0.375-2.185-0.418C14.751,3.01,14.444,3,12,3L12,3z M12,7.378 c-2.552,0-4.622,2.069-4.622,4.622S9.448,16.622,12,16.622s4.622-2.069,4.622-4.622S14.552,7.378,12,7.378z M12,15 c-1.657,0-3-1.343-3-3s1.343-3,3-3s3,1.343,3,3S13.657,15,12,15z M16.804,6.116c-0.596,0-1.08,0.484-1.08,1.08 s0.484,1.08,1.08,1.08c0.596,0,1.08-0.484,1.08-1.08S17.401,6.116,16.804,6.116z\"><\/path><\/svg><span class=\"wp-block-social-link-label screen-reader-text\">Instagram<\/span><\/a><\/li>\n\n<li class=\"wp-social-link wp-social-link-whatsapp  wp-block-social-link\"><a href=\"https:\/\/www.whatsapp.com\/channel\/0029Vb14UY13AzNPnmiOcd1V%20\" class=\"wp-block-social-link-anchor\" rel=\"nofollow noopener\" target=\"_blank\"><svg width=\"24\" height=\"24\" viewbox=\"0 0 24 24\" version=\"1.1\" xmlns=\"http:\/\/www.w3.org\/2000\/svg\" aria-hidden=\"true\" focusable=\"false\"><path d=\"M 12.011719 2 C 6.5057187 2 2.0234844 6.478375 2.0214844 11.984375 C 2.0204844 13.744375 2.4814687 15.462563 3.3554688 16.976562 L 2 22 L 7.2324219 20.763672 C 8.6914219 21.559672 10.333859 21.977516 12.005859 21.978516 L 12.009766 21.978516 C 17.514766 21.978516 21.995047 17.499141 21.998047 11.994141 C 22.000047 9.3251406 20.962172 6.8157344 19.076172 4.9277344 C 17.190172 3.0407344 14.683719 2.001 12.011719 2 z M 12.009766 4 C 14.145766 4.001 16.153109 4.8337969 17.662109 6.3417969 C 19.171109 7.8517969 20.000047 9.8581875 19.998047 11.992188 C 19.996047 16.396187 16.413812 19.978516 12.007812 19.978516 C 10.674812 19.977516 9.3544062 19.642812 8.1914062 19.007812 L 7.5175781 18.640625 L 6.7734375 18.816406 L 4.8046875 19.28125 L 5.2851562 17.496094 L 5.5019531 16.695312 L 5.0878906 15.976562 C 4.3898906 14.768562 4.0204844 13.387375 4.0214844 11.984375 C 4.0234844 7.582375 7.6067656 4 12.009766 4 z M 8.4765625 7.375 C 8.3095625 7.375 8.0395469 7.4375 7.8105469 7.6875 C 7.5815469 7.9365 6.9355469 8.5395781 6.9355469 9.7675781 C 6.9355469 10.995578 7.8300781 12.182609 7.9550781 12.349609 C 8.0790781 12.515609 9.68175 15.115234 12.21875 16.115234 C 14.32675 16.946234 14.754891 16.782234 15.212891 16.740234 C 15.670891 16.699234 16.690438 16.137687 16.898438 15.554688 C 17.106437 14.971687 17.106922 14.470187 17.044922 14.367188 C 16.982922 14.263188 16.816406 14.201172 16.566406 14.076172 C 16.317406 13.951172 15.090328 13.348625 14.861328 13.265625 C 14.632328 13.182625 14.464828 13.140625 14.298828 13.390625 C 14.132828 13.640625 13.655766 14.201187 13.509766 14.367188 C 13.363766 14.534188 13.21875 14.556641 12.96875 14.431641 C 12.71875 14.305641 11.914938 14.041406 10.960938 13.191406 C 10.218937 12.530406 9.7182656 11.714844 9.5722656 11.464844 C 9.4272656 11.215844 9.5585938 11.079078 9.6835938 10.955078 C 9.7955938 10.843078 9.9316406 10.663578 10.056641 10.517578 C 10.180641 10.371578 10.223641 10.267562 10.306641 10.101562 C 10.389641 9.9355625 10.347156 9.7890625 10.285156 9.6640625 C 10.223156 9.5390625 9.737625 8.3065 9.515625 7.8125 C 9.328625 7.3975 9.131125 7.3878594 8.953125 7.3808594 C 8.808125 7.3748594 8.6425625 7.375 8.4765625 7.375 z\"><\/path><\/svg><span class=\"wp-block-social-link-label screen-reader-text\">WhatsApp<\/span><\/a><\/li>\n\n<li class=\"wp-social-link wp-social-link-linkedin  wp-block-social-link\"><a href=\"https:\/\/www.linkedin.com\/company\/expatax-malta\" class=\"wp-block-social-link-anchor\" rel=\"nofollow noopener\" target=\"_blank\"><svg width=\"24\" height=\"24\" viewbox=\"0 0 24 24\" version=\"1.1\" xmlns=\"http:\/\/www.w3.org\/2000\/svg\" aria-hidden=\"true\" focusable=\"false\"><path d=\"M19.7,3H4.3C3.582,3,3,3.582,3,4.3v15.4C3,20.418,3.582,21,4.3,21h15.4c0.718,0,1.3-0.582,1.3-1.3V4.3 C21,3.582,20.418,3,19.7,3z M8.339,18.338H5.667v-8.59h2.672V18.338z M7.004,8.574c-0.857,0-1.549-0.694-1.549-1.548 c0-0.855,0.691-1.548,1.549-1.548c0.854,0,1.547,0.694,1.547,1.548C8.551,7.881,7.858,8.574,7.004,8.574z M18.339,18.338h-2.669 v-4.177c0-0.996-0.017-2.278-1.387-2.278c-1.389,0-1.601,1.086-1.601,2.206v4.249h-2.667v-8.59h2.559v1.174h0.037 c0.356-0.675,1.227-1.387,2.526-1.387c2.703,0,3.203,1.779,3.203,4.092V18.338z\"><\/path><\/svg><span class=\"wp-block-social-link-label screen-reader-text\">LinkedIn<\/span><\/a><\/li><\/ul>\n\n\n\n<hr class=\"wp-block-separator has-text-color has-orange-color has-alpha-channel-opacity has-orange-background-color has-background is-style-wide\"\/>\n\n\n\n<h2 id=\"further-reads\" class=\"wp-block-heading\">Autres lectures<\/h2>\n\n\n\n<figure class=\"wp-block-embed is-type-wp-embed is-provider-expatax-malta wp-block-embed-expatax-malta\"><div class=\"wp-block-embed__wrapper\">\n<blockquote class=\"wp-embedded-content\" data-secret=\"AWU8KmmnrX\"><a href=\"https:\/\/expatax.mt\/fr\/tarifs-des-services-publics-de-larmement-et-taux-residents\/\">Services publics, tarifs ARMS et tarifs r\u00e9sidents<\/a><\/blockquote><iframe class=\"wp-embedded-content\" sandbox=\"allow-scripts\" security=\"restricted\" style=\"position: absolute; visibility: hidden;\" title=\"\u201cServices publics, tarifs ARMS et tarifs r\u00e9sidents\u201d - Expatax Malta\" src=\"https:\/\/expatax.mt\/utilities-arms-tariffs-and-resident-rates\/embed\/#?secret=2X77KFxvwH#?secret=AWU8KmmnrX\" data-secret=\"AWU8KmmnrX\" width=\"600\" height=\"338\" frameborder=\"0\" marginwidth=\"0\" marginheight=\"0\" scrolling=\"no\"><\/iframe>\n<\/div><\/figure>\n\n\n\n<figure class=\"wp-block-embed is-type-wp-embed is-provider-expatax-malta wp-block-embed-expatax-malta\"><div class=\"wp-block-embed__wrapper\">\n<blockquote class=\"wp-embedded-content\" data-secret=\"t0Uq5qjUN7\"><a href=\"https:\/\/expatax.mt\/fr\/budget-de-malte-2026-faits-saillants-et-perspectives\/\">Budget de Malte 2026 - Faits saillants et aper\u00e7us<\/a><\/blockquote><iframe class=\"wp-embedded-content\" sandbox=\"allow-scripts\" security=\"restricted\" style=\"position: absolute; visibility: hidden;\" title=\"\u201cBudget de Malte 2026 - Faits saillants et perspectives\u201d - Expatax Malta\" src=\"https:\/\/expatax.mt\/malta-budget-2026-highlights-and-insights\/embed\/#?secret=ppURT2xcdZ#?secret=t0Uq5qjUN7\" data-secret=\"t0Uq5qjUN7\" width=\"600\" height=\"338\" frameborder=\"0\" marginwidth=\"0\" marginheight=\"0\" scrolling=\"no\"><\/iframe>\n<\/div><\/figure>\n\n\n\n<figure class=\"wp-block-embed is-type-wp-embed is-provider-expatax-malta wp-block-embed-expatax-malta\"><div class=\"wp-block-embed__wrapper\">\n<blockquote class=\"wp-embedded-content\" data-secret=\"Osbw3e7xA6\"><a href=\"https:\/\/expatax.mt\/fr\/digital-nomad-tax-2026-a-guide-for-us-uk-and-canadian\/\">Digital Nomad Tax 2026 : un guide pour les expatri\u00e9s am\u00e9ricains, britanniques et canadiens<\/a><\/blockquote><iframe class=\"wp-embedded-content\" sandbox=\"allow-scripts\" security=\"restricted\" style=\"position: absolute; visibility: hidden;\" title=\"\u201cDigital Nomad Tax 2026 : A Guide for US, UK, and Canadian Expats\u201d - Expatax Malta\" src=\"https:\/\/expatax.mt\/digital-nomad-tax-2026-a-guide-for-us-uk-and-canadian\/embed\/#?secret=Lzm6CEJQdz#?secret=Osbw3e7xA6\" data-secret=\"Osbw3e7xA6\" width=\"600\" height=\"338\" frameborder=\"0\" marginwidth=\"0\" marginheight=\"0\" scrolling=\"no\"><\/iframe>\n<\/div><\/figure>","protected":false},"excerpt":{"rendered":"Malte poss\u00e8de l'un des march\u00e9s du travail les plus dynamiques d'Europe. Alors pourquoi de nombreuses personnes travaillent-elles plus longtemps alors que les salaires restent relativement modestes ?","protected":false},"author":29,"featured_media":11802,"comment_status":"closed","ping_status":"open","sticky":false,"template":"","format":"standard","meta":{"csco_singular_sidebar":"","csco_page_header_type":"","csco_appearance_masonry":"","csco_page_load_nextpost":"","csco_post_video_location":[],"csco_post_video_location_hash":"","csco_post_video_url":"","csco_post_video_bg_start_time":0,"csco_post_video_bg_end_time":0,"footnotes":""},"categories":[6],"tags":[],"class_list":{"0":"post-11796","1":"post","2":"type-post","3":"status-publish","4":"format-standard","5":"has-post-thumbnail","7":"category-doing-business","8":"cs-entry","9":"cs-video-wrap"},"_links":{"self":[{"href":"https:\/\/expatax.mt\/fr\/wp-json\/wp\/v2\/posts\/11796","targetHints":{"allow":["GET"]}}],"collection":[{"href":"https:\/\/expatax.mt\/fr\/wp-json\/wp\/v2\/posts"}],"about":[{"href":"https:\/\/expatax.mt\/fr\/wp-json\/wp\/v2\/types\/post"}],"author":[{"embeddable":true,"href":"https:\/\/expatax.mt\/fr\/wp-json\/wp\/v2\/users\/29"}],"replies":[{"embeddable":true,"href":"https:\/\/expatax.mt\/fr\/wp-json\/wp\/v2\/comments?post=11796"}],"version-history":[{"count":10,"href":"https:\/\/expatax.mt\/fr\/wp-json\/wp\/v2\/posts\/11796\/revisions"}],"predecessor-version":[{"id":11813,"href":"https:\/\/expatax.mt\/fr\/wp-json\/wp\/v2\/posts\/11796\/revisions\/11813"}],"wp:featuredmedia":[{"embeddable":true,"href":"https:\/\/expatax.mt\/fr\/wp-json\/wp\/v2\/media\/11802"}],"wp:attachment":[{"href":"https:\/\/expatax.mt\/fr\/wp-json\/wp\/v2\/media?parent=11796"}],"wp:term":[{"taxonomy":"category","embeddable":true,"href":"https:\/\/expatax.mt\/fr\/wp-json\/wp\/v2\/categories?post=11796"},{"taxonomy":"post_tag","embeddable":true,"href":"https:\/\/expatax.mt\/fr\/wp-json\/wp\/v2\/tags?post=11796"}],"curies":[{"name":"wp","href":"https:\/\/api.w.org\/{rel}","templated":true}]}}