{"id":10873,"date":"2025-12-09T12:38:36","date_gmt":"2025-12-09T11:38:36","guid":{"rendered":"https:\/\/expatax.mt\/?p=10873"},"modified":"2025-12-09T12:38:38","modified_gmt":"2025-12-09T11:38:38","slug":"embauche-et-licenciement-dans-le-cadre-de-lemploi-a-malte","status":"publish","type":"post","link":"https:\/\/expatax.mt\/fr\/hiring-and-terminating-in-malta-employment-framework\/","title":{"rendered":"Embauche et licenciement \u00e0 Malte : Cadre de l'emploi"},"content":{"rendered":"<p>Le paysage de l'emploi \u00e0 Malte continue d'\u00e9voluer et, \u00e0 l'aube de l'ann\u00e9e 2026, les employeurs comme les employ\u00e9s doivent bien comprendre les r\u00e8gles qui d\u00e9finissent l'embauche, les conditions de travail et le licenciement. Que vous dirigiez une entreprise, que vous vous installiez \u00e0 Malte ou que vous g\u00e9riez une main-d'\u0153uvre multiculturelle, il est essentiel que vous restiez inform\u00e9 des r\u00e8gles salariales actualis\u00e9es, des droits aux cong\u00e9s et des normes de conformit\u00e9.<\/p>\n\n\n\n<p>Le cadre juridique maltais vise \u00e0 concilier les besoins des entreprises et le traitement \u00e9quitable et transparent des travailleurs. Les contrats doivent \u00eatre clairs, les salaires doivent r\u00e9pondre aux exigences l\u00e9gales et la r\u00e9siliation doit suivre des proc\u00e9dures d\u00e9finies. Avec l'entr\u00e9e en vigueur de nouvelles obligations pour 2026 - notamment les r\u00e8gles relatives aux salaires des transferts bancaires pour les ressortissants de pays tiers (TCN) et la mise \u00e0 jour des ajustements COLA - le moment est venu de r\u00e9examiner les attentes de la loi.<\/p>\n\n\n\n<h2 id=\"employment-contracts-the-foundation-of-work-in-malta\" class=\"wp-block-heading\"><strong>Contrats de travail : La base du travail \u00e0 Malte<\/strong><\/h2>\n\n\n\n<p>\u00c0 Malte, tout emploi doit faire l'objet d'un contrat \u00e9crit clair qui d\u00e9finit le r\u00f4le, les horaires, le salaire et les conditions. Les contrats peuvent \u00eatre <strong>ind\u00e9fini<\/strong>, qui offrent un emploi permanent, ou <strong>\u00e0 dur\u00e9e d\u00e9termin\u00e9e<\/strong>, Il s'agit d'un contrat \u00e0 dur\u00e9e d\u00e9termin\u00e9e qui s'\u00e9tend sur une p\u00e9riode sp\u00e9cifique. Un contrat \u00e0 dur\u00e9e d\u00e9termin\u00e9e dure normalement au moins six mois et peut \u00eatre renouvel\u00e9, mais seulement dans une limite de quatre ans, \u00e0 moins qu'une raison valable ne soit invoqu\u00e9e. Pass\u00e9 ce d\u00e9lai, la loi consid\u00e8re l'emploi comme ind\u00e9termin\u00e9.<\/p>\n\n\n\n<p>Les conditions d'emploi d\u00e9pendent \u00e9galement du secteur. De nombreuses industries suivent <strong><a href=\"https:\/\/dier.gov.mt\/en\/services\/employment-conditions\/sectoral-minimum-conditions-of-employment\/\" data-type=\"link\" data-id=\"https:\/\/dier.gov.mt\/en\/services\/employment-conditions\/sectoral-minimum-conditions-of-employment\/\" rel=\"nofollow noopener\" target=\"_blank\">Ordres de r\u00e9gulation des salaires (WRO)<\/a><\/strong>, qui fixent des normes minimales en mati\u00e8re de r\u00e9mun\u00e9ration, d'heures de travail et de cong\u00e9s. Lorsqu'il n'y a pas de WRO, le <a href=\"https:\/\/legislation.mt\/eli\/cap\/452\/eng\" data-type=\"link\" data-id=\"https:\/\/legislation.mt\/eli\/cap\/452\/eng\" rel=\"nofollow noopener\" target=\"_blank\">Loi sur l'emploi et les relations industrielles (EIRA)<\/a> fixe les r\u00e8gles g\u00e9n\u00e9rales.<\/p>\n\n\n\n<figure class=\"wp-block-pullquote\"><blockquote><p><a href=\"https:\/\/expatax.mt\/fr\/avant-de-signer-le-contrat-de-travail-les-points-essentiels\/\" data-type=\"link\" data-id=\"https:\/\/expatax.mt\/before-you-sign-the-employment-contract-essentials\/\">Avant de signer : l'essentiel du contrat de travail \u00e0 Malte<\/a><\/p><\/blockquote><\/figure>\n\n\n\n<h2 id=\"employment-measures-carrying-into-2026-wages-cola-and-payment-requirements\" class=\"wp-block-heading\"><strong>Mesures en faveur de l'emploi jusqu'en 2026 : salaires, indemnit\u00e9s journali\u00e8res de licenciement et obligations de paiement<\/strong><\/h2>\n\n\n\n<p>Plusieurs mises \u00e0 jour importantes introduites au cours de l'ann\u00e9e 2025 continueront \u00e0 fa\u00e7onner les pratiques en mati\u00e8re d'emploi tout au long de l'ann\u00e9e 2026. Ces mesures sont ax\u00e9es sur la stabilit\u00e9 des salaires, le soutien au co\u00fbt de la vie et une plus grande transparence dans la mani\u00e8re dont les employ\u00e9s sont r\u00e9mun\u00e9r\u00e9s. Comprendre ces exigences aide les employeurs et les travailleurs \u00e0 se pr\u00e9parer pour l'ann\u00e9e \u00e0 venir.<\/p>\n\n\n\n<h3 id=\"1-cost-of-living-adjustment-cola-for-2026\" class=\"wp-block-heading\">1. <strong>Ajustement du co\u00fbt de la vie (COLA) pour 2026<\/strong><\/h3>\n\n\n\n<p>De <strong>1er janvier 2026<\/strong>, L'augmentation hebdomadaire de l'indemnit\u00e9 de vie ch\u00e8re est de <strong>\u20ac4.66<\/strong> pour les salari\u00e9s \u00e0 temps plein. Ce montant doit \u00eatre ajout\u00e9 au salaire hebdomadaire de chaque employ\u00e9, y compris les employ\u00e9s \u00e0 temps partiel, au prorata.<\/p>\n\n\n\n<h3 id=\"2-minimum-wage-for-2026\" class=\"wp-block-heading\">2. <strong>Salaire minimum pour 2026<\/strong><\/h3>\n\n\n\n<p>Le salaire minimum national continue d'augmenter progressivement dans le cadre du syst\u00e8me maltais d'am\u00e9lioration des salaires \u00e0 long terme. Les travailleurs \u00e0 temps plein \u00e2g\u00e9s de plus de 18 ans doivent percevoir au moins le salaire minimum l\u00e9gal actualis\u00e9. <strong>\u20ac221.78<\/strong> hebdomadaire cumulant le co\u00fbt de la vie (COLA) de <strong>\u20ac4.66<\/strong>. Cela permet d'aligner les salaires sur l'augmentation des d\u00e9penses.<\/p>\n\n\n\n<h3 id=\"3-mandatory-bank-payments-for-tcn-workers\" class=\"wp-block-heading\">3. <strong>Paiements bancaires obligatoires pour les travailleurs de TCN<\/strong><\/h3>\n\n\n\n<p><br>De <strong>\u00c0 partir du 1er octobre 2025<\/strong>, tout employ\u00e9 qui est un <strong>Ressortissant d'un pays tiers<\/strong> (ressortissant d'un pays non membre de l'UE) doit \u00eatre vers\u00e9e <strong>exclusivement par virement bancaire ou par une m\u00e9thode \u00e9lectronique agr\u00e9\u00e9e<\/strong>. Les salaires en esp\u00e8ces pour les TCN ne sont plus autoris\u00e9s.<\/p>\n\n\n\n<hr class=\"wp-block-separator has-text-color has-orange-color has-alpha-channel-opacity has-orange-background-color has-background is-style-wide\"\/>\n\n\n\n<p class=\"has-text-align-center is-style-cnvs-paragraph-callout\"><br>Cette r\u00e8gle renforce la transparence et r\u00e9duit les risques d'exploitation tout en garantissant le respect des r\u00e9glementations en mati\u00e8re de travail et d'immigration.<\/p>\n\n\n\n<hr class=\"wp-block-separator has-text-color has-orange-color has-alpha-channel-opacity has-orange-background-color has-background is-style-wide\"\/>\n\n\n\n<figure class=\"wp-block-pullquote\"><blockquote><p><a href=\"https:\/\/expatax.mt\/fr\/guide-en-3-minutes-ce-que-les-syndicats-doivent-savoir-sur-la-nouvelle-legislation-du-travail\/\" data-type=\"link\" data-id=\"https:\/\/expatax.mt\/3-minute-guide-what-tcns-must-know-about-new-labour-laws\/\">Ce que les CTN doivent savoir sur la nouvelle l\u00e9gislation du travail<\/a><\/p><\/blockquote><\/figure>\n\n\n\n<h2 id=\"employment-conditions-and-leave-entitlements\" class=\"wp-block-heading\"><strong>Conditions d'emploi et droits aux cong\u00e9s<\/strong><\/h2>\n\n\n\n<p>Les conditions d'emploi maltaises constituent un cadre clair qui prot\u00e8ge \u00e0 la fois les travailleurs et les employeurs, en garantissant l'\u00e9quit\u00e9 et la coh\u00e9rence entre les lieux de travail. Ces normes d\u00e9finissent les droits minimaux dont doit b\u00e9n\u00e9ficier chaque employ\u00e9, quel que soit son secteur d'activit\u00e9, et contribuent \u00e0 maintenir un environnement de travail organis\u00e9 et transparent.<\/p>\n\n\n\n<h3 id=\"working-hours\" class=\"wp-block-heading\"><strong>Heures de travail<\/strong><\/h3>\n\n\n\n<p>\u00c0 Malte, la semaine de travail normale \u00e0 temps plein est de <strong>40 heures<\/strong>. Ces heures sont g\u00e9n\u00e9ralement r\u00e9parties sur cinq jours, \u00e0 moins qu'une disposition diff\u00e9rente ne soit convenue dans le contrat de travail.<\/p>\n\n\n\n<p>Les salari\u00e9s peuvent travailler plus de 40 heures au cours d'une semaine donn\u00e9e. Toutefois, le nombre total d'heures travaill\u00e9es par un travailleur au cours d'une semaine peut \u00eatre sup\u00e9rieur \u00e0 40 heures. <strong>la moyenne ne peut pas d\u00e9passer 48 heures par semaine<\/strong> sur une p\u00e9riode de r\u00e9f\u00e9rence d\u00e9termin\u00e9e. Pour d\u00e9passer la moyenne de 48 heures, le salari\u00e9 doit donner <strong>consentement \u00e9crit et volontaire<\/strong>. Les employeurs ne peuvent pas forcer ou faire pression sur les travailleurs pour qu'ils signent cet accord, et les travailleurs ont le droit de retirer leur consentement \u00e0 tout moment.<\/p>\n\n\n\n<p>La r\u00e9mun\u00e9ration des heures suppl\u00e9mentaires d\u00e9pend de ce qui est \u00e9crit dans le contrat de travail ou des conditions applicables au secteur sp\u00e9cifique. Les travailleurs \u00e0 temps partiel, estim\u00e9s \u00e0 20 heures par semaine, doivent toujours recevoir le m\u00eame taux horaire que les travailleurs \u00e0 temps plein comparables lorsqu'ils travaillent au-del\u00e0 de leurs heures contractuelles normales.<\/p>\n\n\n\n<ul class=\"wp-block-list\"><\/ul>\n\n\n\n<h3 id=\"vacation-leave-in-2026\" class=\"wp-block-heading\"><strong>Cong\u00e9s annuels en 2026<\/strong><\/h3>\n\n\n\n<p>Les salari\u00e9s \u00e0 temps plein travaillant une semaine normale de 40 heures ont droit \u00e0 <strong>216 heures de cong\u00e9s annuels pay\u00e9s<\/strong>, ce qui \u00e9quivaut \u00e0 <strong>27 jours ouvrables<\/strong>. Il se compose de :<\/p>\n\n\n\n<p><strong>24 heures suppl\u00e9mentaires<\/strong> de cong\u00e9 car <strong>trois jours f\u00e9ri\u00e9s en 2026 tombent un samedi ou un dimanche<\/strong>, et chacun d'entre eux ajoute <strong>un jour suppl\u00e9mentaire<\/strong> au droit au cong\u00e9 annuel.<\/p>\n\n\n\n<p>Les employ\u00e9s \u00e0 temps partiel re\u00e7oivent l'\u00e9quivalent de ce droit sur la base d'un taux d'int\u00e9r\u00eat de 1 %. <strong>au prorata<\/strong>.<\/p>\n\n\n\n<hr class=\"wp-block-separator has-text-color has-orange-color has-alpha-channel-opacity has-orange-background-color has-background is-style-wide\"\/>\n\n\n\n<p class=\"has-text-align-center is-style-cnvs-paragraph-callout\">Jusqu'\u00e0 <strong>50 % des cong\u00e9s non utilis\u00e9s<\/strong> peuvent \u00eatre report\u00e9es avec l'accord de l'employeur.<\/p>\n\n\n\n<hr class=\"wp-block-separator has-text-color has-orange-color has-alpha-channel-opacity has-orange-background-color has-background is-style-wide\"\/>\n\n\n\n<h3 id=\"sick-leave\" class=\"wp-block-heading\"><strong>Cong\u00e9 de maladie<\/strong><\/h3>\n\n\n\n<p>\u00c0 Malte, la plupart des salari\u00e9s ont droit \u00e0 <strong>12 jours de cong\u00e9 de maladie enti\u00e8rement r\u00e9mun\u00e9r\u00e9s et 12 jours suppl\u00e9mentaires de cong\u00e9 de maladie \u00e0 demi-salaire<\/strong> par ann\u00e9e civile. Ces jours peuvent \u00eatre utilis\u00e9s chaque fois qu'un salari\u00e9 est souffrant et incapable de se rendre au travail. Pour b\u00e9n\u00e9ficier d'un cong\u00e9 de maladie, les salari\u00e9s sont g\u00e9n\u00e9ralement tenus de fournir un <strong>certificat m\u00e9dical valide<\/strong>, conform\u00e9ment \u00e0 la politique de leur employeur.<\/p>\n\n\n\n<p>Une fois que le droit au cong\u00e9 de maladie \u00e0 plein salaire ou \u00e0 demi-paiement est \u00e9puis\u00e9, les employ\u00e9s peuvent encore recevoir directement de l'\u00c9tat l'indemnit\u00e9 de maladie standard de la s\u00e9curit\u00e9 sociale jusqu'\u00e0 ce qu'ils soient r\u00e9tablis ou qu'ils reprennent le travail.<\/p>\n\n\n\n<p>Il est important de noter que certains secteurs, en particulier les <strong>les fonctions industrielles et \u00e0 forte intensit\u00e9 de main-d'\u0153uvre<\/strong>, sont couverts par des r\u00e8gles sectorielles qui accordent aux <strong>les cong\u00e9s de maladie suppl\u00e9mentaires au-del\u00e0 du droit normal<\/strong>. Par exemple, certaines professions techniques et lourdes b\u00e9n\u00e9ficient d'un nombre plus \u00e9lev\u00e9 de cong\u00e9s de maladie en raison de la nature de leur travail et des risques sanitaires qui y sont associ\u00e9s.<\/p>\n\n\n\n<hr class=\"wp-block-separator has-text-color has-orange-color has-alpha-channel-opacity has-orange-background-color has-background is-style-wide\"\/>\n\n\n\n<p class=\"has-text-align-center is-style-cnvs-paragraph-callout\">Les employ\u00e9s et les employeurs doivent toujours se r\u00e9f\u00e9rer au contrat et aux r\u00e9glementations sectorielles applicables pour confirmer les droits exacts.<\/p>\n\n\n\n<hr class=\"wp-block-separator has-text-color has-orange-color has-alpha-channel-opacity has-orange-background-color has-background is-style-wide\"\/>\n\n\n\n<figure class=\"wp-block-pullquote\"><blockquote><p><a href=\"https:\/\/expatax.mt\/fr\/un-guide-complet-pour-naviguer-dans-le-systeme-de-soins-de-sante-a-malte\/\" data-type=\"link\" data-id=\"https:\/\/expatax.mt\/a-comprehensive-guide-to-navigating-healthcare-system-in-malta\/\">Naviguer dans le syst\u00e8me de sant\u00e9 \u00e0 Malte<\/a><\/p><\/blockquote><\/figure>\n\n\n\n<ul class=\"wp-block-list\"><\/ul>\n\n\n\n<h3 id=\"parental-and-maternity-leave\" class=\"wp-block-heading\"><strong>Cong\u00e9 parental et cong\u00e9 de maternit\u00e9<\/strong><\/h3>\n\n\n\n<div class=\"wp-block-group is-style-cnvs-block-bg-light\"><div class=\"wp-block-group__inner-container is-layout-constrained wp-block-group-is-layout-constrained\">\n<ul class=\"wp-block-list is-style-cnvs-list-styled\">\n<li>Total des cong\u00e9s de maternit\u00e9 <strong>18 semaines<\/strong>, Les 14 premi\u00e8res semaines sont enti\u00e8rement pay\u00e9es par l'employeur et rembours\u00e9es par le fonds national.<\/li>\n\n\n\n<li>Les employeurs versent 0,3 % du salaire de base au fonds fiduciaire pour le cong\u00e9 de maternit\u00e9.<\/li>\n\n\n\n<li>Des droits suppl\u00e9mentaires au cong\u00e9 parental s'appliquent en fonction des circonstances.<\/li>\n<\/ul>\n<\/div><\/div>\n\n\n\n<figure class=\"wp-block-pullquote\"><blockquote><p><a href=\"https:\/\/expatax.mt\/fr\/retour-au-travail-apres-un-conge-de-maternite-reductions-dimpot\/\" data-type=\"link\" data-id=\"https:\/\/expatax.mt\/returning-to-work-after-maternity-leave-tax-rebates\/\">Retour au travail apr\u00e8s un cong\u00e9 de maternit\u00e9 - Remboursements d'imp\u00f4ts<\/a><\/p><\/blockquote><\/figure>\n\n\n\n<h2 id=\"termination-and-dismissal-rules-for-2026\" class=\"wp-block-heading\"><strong>R\u00e8gles de r\u00e9siliation et de licenciement pour 2026<\/strong><\/h2>\n\n\n\n<p>La r\u00e9siliation est r\u00e9glement\u00e9e par l'EIRA et supervis\u00e9e par la Commission europ\u00e9enne. <strong>D\u00e9partement des relations industrielles et de l'emploi (DIER)<\/strong>. DIER veille \u00e0 ce que les proc\u00e9dures soient \u00e9quitables et l\u00e9gales.<\/p>\n\n\n\n<h3 id=\"valid-reasons-for-dismissal\" class=\"wp-block-heading\"><strong>Motifs valables de licenciement<\/strong><\/h3>\n\n\n\n<div class=\"wp-block-group is-style-cnvs-block-bg-inverse\"><div class=\"wp-block-group__inner-container is-layout-constrained wp-block-group-is-layout-constrained\">\n<ul class=\"wp-block-list is-style-cnvs-list-styled\">\n<li>autres motifs l\u00e9galement reconnus<\/li>\n<\/ul>\n\n\n\n<ul class=\"wp-block-list is-style-cnvs-list-styled\">\n<li>redondance<\/li>\n<\/ul>\n\n\n\n<ul class=\"wp-block-list is-style-cnvs-list-styled\">\n<li>faute grave<\/li>\n<\/ul>\n\n\n\n<ul class=\"wp-block-list is-style-cnvs-list-styled\">\n<li>l'incapacit\u00e9 d'exercer l'emploi<\/li>\n<\/ul>\n<\/div><\/div>\n\n\n\n<p>Les d\u00e9lais de pr\u00e9avis s'appliquent comme suit :<\/p>\n\n\n\n<div class=\"wp-block-group is-style-cnvs-block-bg-inverse\"><div class=\"wp-block-group__inner-container is-layout-constrained wp-block-group-is-layout-constrained\">\n<ul class=\"wp-block-list is-style-cnvs-list-styled\">\n<li>1 semaine pour les emplois de 1 \u00e0 6 mois<\/li>\n\n\n\n<li>2 semaines pour les 6 mois \u00e0 2 ans<\/li>\n\n\n\n<li>4 semaines pour 2 \u00e0 4 ans<\/li>\n\n\n\n<li>8 semaines pour les 4 \u00e0 7 ans<\/li>\n\n\n\n<li>9 semaines pour 7 \u00e0 10 ans<\/li>\n\n\n\n<li>12 semaines depuis plus de 10 ans<\/li>\n<\/ul>\n<\/div><\/div>\n\n\n\n<hr class=\"wp-block-separator has-text-color has-orange-color has-alpha-channel-opacity has-orange-background-color has-background is-style-wide\"\/>\n\n\n\n<p class=\"has-text-align-center is-style-cnvs-paragraph-callout\">Les salaires impay\u00e9s, les primes stationnaires au prorata et les cong\u00e9s non utilis\u00e9s doivent toujours \u00eatre pay\u00e9s.<\/p>\n\n\n\n<hr class=\"wp-block-separator has-text-color has-orange-color has-alpha-channel-opacity has-orange-background-color has-background is-style-wide\"\/>\n\n\n\n<figure class=\"wp-block-pullquote\"><blockquote><p><a href=\"https:\/\/expatax.mt\/fr\/reglement-de-paie-de-la-maltas\/\" data-type=\"link\" data-id=\"https:\/\/expatax.mt\/maltas-payroll-regulations\/\">R\u00e9glementation maltaise sur les salaires<\/a><\/p><\/blockquote><\/figure>\n\n\n\n<h3 id=\"diers-role\" class=\"wp-block-heading\"><strong>Le r\u00f4le de DIER<\/strong><\/h3>\n\n\n\n<p>Le <strong><a href=\"https:\/\/dier.gov.mt\/en\/\" data-type=\"link\" data-id=\"https:\/\/dier.gov.mt\/en\/\" rel=\"nofollow noopener\" target=\"_blank\">D\u00e9partement des relations industrielles et de l'emploi (DIER)<\/a><\/strong> joue un r\u00f4le central dans la supervision des pratiques d'emploi \u00e9quitables et l\u00e9gales \u00e0 Malte. Elle veille \u00e0 ce que les licenciements suivent les proc\u00e9dures l\u00e9gales correctes, v\u00e9rifie que les employ\u00e9s re\u00e7oivent le pr\u00e9avis, le salaire et les cong\u00e9s auxquels ils ont droit, et fournit des conseils aux employeurs et aux travailleurs sur leurs droits et obligations. La DIER peut \u00e9galement enqu\u00eater sur des plaintes, demander des documents et intervenir lorsque les r\u00e9glementations ne sont pas respect\u00e9es. Les salari\u00e9s qui estiment avoir \u00e9t\u00e9 licenci\u00e9s de mani\u00e8re abusive peuvent demander l'aide du DIER ou d\u00e9poser une plainte devant le tribunal du travail dans les d\u00e9lais impartis.<\/p>\n\n\n\n<h2 id=\"looking-ahead-to-2026\" class=\"wp-block-heading\"><strong>A l'horizon 2026<\/strong><\/h2>\n\n\n\n<p>Bien qu'aucun changement l\u00e9gislatif majeur n'ait \u00e9t\u00e9 annonc\u00e9 pour 2026, plusieurs tendances en 2025 ont fa\u00e7onn\u00e9 l'environnement de l'emploi :<\/p>\n\n\n\n<div class=\"wp-block-group is-style-cnvs-block-bg-light has-medium-font-size\"><div class=\"wp-block-group__inner-container is-layout-constrained wp-block-group-is-layout-constrained\">\n<ul class=\"wp-block-list is-style-cs-list-styled-positive-circle-2\">\n<li><strong>Une application plus stricte<\/strong> des conditions de travail, de la conformit\u00e9 des salaires et des r\u00e8gles salariales du TCN<\/li>\n\n\n\n<li><strong>L'accent est mis de plus en plus sur la transparence des r\u00e9mun\u00e9rations<\/strong>, align\u00e9 sur la directive europ\u00e9enne relative \u00e0 la transparence des r\u00e9mun\u00e9rations<\/li>\n\n\n\n<li><strong>Pression salariale constante<\/strong> dans des secteurs \u00e0 forte demande tels que le tourisme, les TIC, les soins de sant\u00e9 et l'h\u00f4tellerie<\/li>\n\n\n\n<li><strong>L'accent continue d'\u00eatre mis sur un recrutement \u00e9quitable<\/strong>, Les employ\u00e9s de l'Union europ\u00e9enne ont le droit d'\u00eatre inform\u00e9s de leurs droits et de leurs obligations, y compris des conditions \u00e9crites, une int\u00e9gration claire et des t\u00e2ches bien d\u00e9finies.<\/li>\n\n\n\n<li><strong>Une approche plus structur\u00e9e des r\u00f4les \u00e0 distance et hybrides<\/strong>, La r\u00e9ponse aux attentes du monde du travail moderne<\/li>\n<\/ul>\n<\/div><\/div>\n\n\n\n<hr class=\"wp-block-separator has-text-color has-orange-color has-alpha-channel-opacity has-orange-background-color has-background is-style-wide\"\/>\n\n\n\n<p class=\"has-text-align-center is-style-cnvs-paragraph-callout\">Les employeurs doivent examiner les contrats, les syst\u00e8mes de paie et les dossiers des ressources humaines.<br>Les salari\u00e9s doivent se tenir inform\u00e9s de leurs droits, de leurs droits \u00e0 cong\u00e9 et des conditions contractuelles.<\/p>\n\n\n\n<hr class=\"wp-block-separator has-text-color has-orange-color has-alpha-channel-opacity has-orange-background-color has-background is-style-wide\"\/>\n\n\n\n<figure class=\"wp-block-pullquote\"><blockquote><p><a href=\"https:\/\/expatax.mt\/fr\/budget-de-malte-2026-faits-saillants-et-perspectives\/\" data-type=\"link\" data-id=\"https:\/\/expatax.mt\/malta-budget-2026-highlights-and-insights\/\">Budget de Malte 2026 - Faits saillants et aper\u00e7us<\/a><\/p><\/blockquote><\/figure>\n\n\n\n<h2 id=\"final-thoughts\" class=\"wp-block-heading\"><strong>R\u00e9flexions finales<\/strong><\/h2>\n\n\n\n<p>Alors que nous avan\u00e7ons lentement vers 2026, le cadre de l'emploi maltais vise \u00e0 offrir clart\u00e9, pr\u00e9visibilit\u00e9 et \u00e9quit\u00e9. Que vous soyez en train d'embaucher, de commencer un nouvel emploi ou de planifier votre carri\u00e8re \u00e0 long terme ici, la compr\u00e9hension de ces r\u00e8gles vous aidera \u00e0 naviguer sur le lieu de travail en toute confiance.<\/p>\n\n\n\n<p>Si vous avez besoin d'aide pour r\u00e9viser des contrats, mettre \u00e0 jour des politiques ou vous assurer que votre entreprise est conforme pour la nouvelle ann\u00e9e, notre<a href=\"https:\/\/expatax.mt\/fr\/\" data-type=\"link\" data-id=\"www.expatax.mt\"> l'\u00e9quipe d'Expatax Malta<\/a> est pr\u00eat \u00e0 apporter son aide.<\/p>\n\n\n\n<hr class=\"wp-block-separator has-text-color has-orange-color has-alpha-channel-opacity has-orange-background-color has-background is-style-wide\"\/>\n\n\n\n<p class=\"has-text-align-center is-style-cnvs-paragraph-callout\">Suivez-nous sur nos r\u00e9seaux sociaux pour des mises \u00e0 jour quotidiennes.<\/p>\n\n\n\n<ul class=\"wp-block-social-links aligncenter is-layout-flex wp-block-social-links-is-layout-flex\"><li class=\"wp-social-link wp-social-link-facebook  wp-block-social-link\"><a href=\"https:\/\/www.facebook.com\/expatax.mt\/\" class=\"wp-block-social-link-anchor\"><svg width=\"24\" height=\"24\" viewbox=\"0 0 24 24\" version=\"1.1\" xmlns=\"http:\/\/www.w3.org\/2000\/svg\" aria-hidden=\"true\" focusable=\"false\"><path d=\"M12 2C6.5 2 2 6.5 2 12c0 5 3.7 9.1 8.4 9.9v-7H7.9V12h2.5V9.8c0-2.5 1.5-3.9 3.8-3.9 1.1 0 2.2.2 2.2.2v2.5h-1.3c-1.2 0-1.6.8-1.6 1.6V12h2.8l-.4 2.9h-2.3v7C18.3 21.1 22 17 22 12c0-5.5-4.5-10-10-10z\"><\/path><\/svg><span class=\"wp-block-social-link-label screen-reader-text\">Facebook<\/span><\/a><\/li>\n\n<li class=\"wp-social-link wp-social-link-instagram  wp-block-social-link\"><a href=\"https:\/\/www.instagram.com\/_expatax_mt\/\" class=\"wp-block-social-link-anchor\" rel=\"nofollow noopener\" target=\"_blank\"><svg width=\"24\" height=\"24\" viewbox=\"0 0 24 24\" version=\"1.1\" xmlns=\"http:\/\/www.w3.org\/2000\/svg\" aria-hidden=\"true\" focusable=\"false\"><path d=\"M12,4.622c2.403,0,2.688,0.009,3.637,0.052c0.877,0.04,1.354,0.187,1.671,0.31c0.42,0.163,0.72,0.358,1.035,0.673 c0.315,0.315,0.51,0.615,0.673,1.035c0.123,0.317,0.27,0.794,0.31,1.671c0.043,0.949,0.052,1.234,0.052,3.637 s-0.009,2.688-0.052,3.637c-0.04,0.877-0.187,1.354-0.31,1.671c-0.163,0.42-0.358,0.72-0.673,1.035 c-0.315,0.315-0.615,0.51-1.035,0.673c-0.317,0.123-0.794,0.27-1.671,0.31c-0.949,0.043-1.233,0.052-3.637,0.052 s-2.688-0.009-3.637-0.052c-0.877-0.04-1.354-0.187-1.671-0.31c-0.42-0.163-0.72-0.358-1.035-0.673 c-0.315-0.315-0.51-0.615-0.673-1.035c-0.123-0.317-0.27-0.794-0.31-1.671C4.631,14.688,4.622,14.403,4.622,12 s0.009-2.688,0.052-3.637c0.04-0.877,0.187-1.354,0.31-1.671c0.163-0.42,0.358-0.72,0.673-1.035 c0.315-0.315,0.615-0.51,1.035-0.673c0.317-0.123,0.794-0.27,1.671-0.31C9.312,4.631,9.597,4.622,12,4.622 M12,3 C9.556,3,9.249,3.01,8.289,3.054C7.331,3.098,6.677,3.25,6.105,3.472C5.513,3.702,5.011,4.01,4.511,4.511 c-0.5,0.5-0.808,1.002-1.038,1.594C3.25,6.677,3.098,7.331,3.054,8.289C3.01,9.249,3,9.556,3,12c0,2.444,0.01,2.751,0.054,3.711 c0.044,0.958,0.196,1.612,0.418,2.185c0.23,0.592,0.538,1.094,1.038,1.594c0.5,0.5,1.002,0.808,1.594,1.038 c0.572,0.222,1.227,0.375,2.185,0.418C9.249,20.99,9.556,21,12,21s2.751-0.01,3.711-0.054c0.958-0.044,1.612-0.196,2.185-0.418 c0.592-0.23,1.094-0.538,1.594-1.038c0.5-0.5,0.808-1.002,1.038-1.594c0.222-0.572,0.375-1.227,0.418-2.185 C20.99,14.751,21,14.444,21,12s-0.01-2.751-0.054-3.711c-0.044-0.958-0.196-1.612-0.418-2.185c-0.23-0.592-0.538-1.094-1.038-1.594 c-0.5-0.5-1.002-0.808-1.594-1.038c-0.572-0.222-1.227-0.375-2.185-0.418C14.751,3.01,14.444,3,12,3L12,3z M12,7.378 c-2.552,0-4.622,2.069-4.622,4.622S9.448,16.622,12,16.622s4.622-2.069,4.622-4.622S14.552,7.378,12,7.378z M12,15 c-1.657,0-3-1.343-3-3s1.343-3,3-3s3,1.343,3,3S13.657,15,12,15z M16.804,6.116c-0.596,0-1.08,0.484-1.08,1.08 s0.484,1.08,1.08,1.08c0.596,0,1.08-0.484,1.08-1.08S17.401,6.116,16.804,6.116z\"><\/path><\/svg><span class=\"wp-block-social-link-label screen-reader-text\">Instagram<\/span><\/a><\/li>\n\n<li class=\"wp-social-link wp-social-link-linkedin  wp-block-social-link\"><a href=\"https:\/\/www.linkedin.com\/company\/expatax-malta\" class=\"wp-block-social-link-anchor\" rel=\"nofollow noopener\" target=\"_blank\"><svg width=\"24\" height=\"24\" viewbox=\"0 0 24 24\" version=\"1.1\" xmlns=\"http:\/\/www.w3.org\/2000\/svg\" aria-hidden=\"true\" focusable=\"false\"><path d=\"M19.7,3H4.3C3.582,3,3,3.582,3,4.3v15.4C3,20.418,3.582,21,4.3,21h15.4c0.718,0,1.3-0.582,1.3-1.3V4.3 C21,3.582,20.418,3,19.7,3z M8.339,18.338H5.667v-8.59h2.672V18.338z M7.004,8.574c-0.857,0-1.549-0.694-1.549-1.548 c0-0.855,0.691-1.548,1.549-1.548c0.854,0,1.547,0.694,1.547,1.548C8.551,7.881,7.858,8.574,7.004,8.574z M18.339,18.338h-2.669 v-4.177c0-0.996-0.017-2.278-1.387-2.278c-1.389,0-1.601,1.086-1.601,2.206v4.249h-2.667v-8.59h2.559v1.174h0.037 c0.356-0.675,1.227-1.387,2.526-1.387c2.703,0,3.203,1.779,3.203,4.092V18.338z\"><\/path><\/svg><span class=\"wp-block-social-link-label screen-reader-text\">LinkedIn<\/span><\/a><\/li>\n\n<li class=\"wp-social-link wp-social-link-whatsapp  wp-block-social-link\"><a href=\"https:\/\/whatsapp.com\/channel\/0029Vb14UY13AzNPnmiOcd1V\" class=\"wp-block-social-link-anchor\" rel=\"nofollow noopener\" target=\"_blank\"><svg width=\"24\" height=\"24\" viewbox=\"0 0 24 24\" version=\"1.1\" xmlns=\"http:\/\/www.w3.org\/2000\/svg\" aria-hidden=\"true\" focusable=\"false\"><path d=\"M 12.011719 2 C 6.5057187 2 2.0234844 6.478375 2.0214844 11.984375 C 2.0204844 13.744375 2.4814687 15.462563 3.3554688 16.976562 L 2 22 L 7.2324219 20.763672 C 8.6914219 21.559672 10.333859 21.977516 12.005859 21.978516 L 12.009766 21.978516 C 17.514766 21.978516 21.995047 17.499141 21.998047 11.994141 C 22.000047 9.3251406 20.962172 6.8157344 19.076172 4.9277344 C 17.190172 3.0407344 14.683719 2.001 12.011719 2 z M 12.009766 4 C 14.145766 4.001 16.153109 4.8337969 17.662109 6.3417969 C 19.171109 7.8517969 20.000047 9.8581875 19.998047 11.992188 C 19.996047 16.396187 16.413812 19.978516 12.007812 19.978516 C 10.674812 19.977516 9.3544062 19.642812 8.1914062 19.007812 L 7.5175781 18.640625 L 6.7734375 18.816406 L 4.8046875 19.28125 L 5.2851562 17.496094 L 5.5019531 16.695312 L 5.0878906 15.976562 C 4.3898906 14.768562 4.0204844 13.387375 4.0214844 11.984375 C 4.0234844 7.582375 7.6067656 4 12.009766 4 z M 8.4765625 7.375 C 8.3095625 7.375 8.0395469 7.4375 7.8105469 7.6875 C 7.5815469 7.9365 6.9355469 8.5395781 6.9355469 9.7675781 C 6.9355469 10.995578 7.8300781 12.182609 7.9550781 12.349609 C 8.0790781 12.515609 9.68175 15.115234 12.21875 16.115234 C 14.32675 16.946234 14.754891 16.782234 15.212891 16.740234 C 15.670891 16.699234 16.690438 16.137687 16.898438 15.554688 C 17.106437 14.971687 17.106922 14.470187 17.044922 14.367188 C 16.982922 14.263188 16.816406 14.201172 16.566406 14.076172 C 16.317406 13.951172 15.090328 13.348625 14.861328 13.265625 C 14.632328 13.182625 14.464828 13.140625 14.298828 13.390625 C 14.132828 13.640625 13.655766 14.201187 13.509766 14.367188 C 13.363766 14.534188 13.21875 14.556641 12.96875 14.431641 C 12.71875 14.305641 11.914938 14.041406 10.960938 13.191406 C 10.218937 12.530406 9.7182656 11.714844 9.5722656 11.464844 C 9.4272656 11.215844 9.5585938 11.079078 9.6835938 10.955078 C 9.7955938 10.843078 9.9316406 10.663578 10.056641 10.517578 C 10.180641 10.371578 10.223641 10.267562 10.306641 10.101562 C 10.389641 9.9355625 10.347156 9.7890625 10.285156 9.6640625 C 10.223156 9.5390625 9.737625 8.3065 9.515625 7.8125 C 9.328625 7.3975 9.131125 7.3878594 8.953125 7.3808594 C 8.808125 7.3748594 8.6425625 7.375 8.4765625 7.375 z\"><\/path><\/svg><span class=\"wp-block-social-link-label screen-reader-text\">WhatsApp<\/span><\/a><\/li><\/ul>\n\n\n\n<hr class=\"wp-block-separator has-text-color has-orange-color has-alpha-channel-opacity has-orange-background-color has-background is-style-wide\"\/>\n\n\n\n<h2 id=\"further-reads\" class=\"wp-block-heading\">Autres lectures<\/h2>\n\n\n\n<figure class=\"wp-block-embed is-type-wp-embed is-provider-expatax-malta wp-block-embed-expatax-malta\"><div class=\"wp-block-embed__wrapper\">\n<blockquote class=\"wp-embedded-content\" data-secret=\"io7D0fPqjF\"><a href=\"https:\/\/expatax.mt\/fr\/lautre-cote-du-nouveau-droit-du-travail-avec-patricia-graham\/\">L'autre face de la nouvelle loi sur le travail avec Patricia Graham<\/a><\/blockquote><iframe class=\"wp-embedded-content\" sandbox=\"allow-scripts\" security=\"restricted\" style=\"position: absolute; visibility: hidden;\" title=\"\u201cL&#039;autre c\u00f4t\u00e9 de la nouvelle loi sur le travail avec Patricia Graham\u201d - Expatax Malta\" src=\"https:\/\/expatax.mt\/the-other-side-of-new-labour-law-with-patricia-graham\/embed\/#?secret=cLy0shIpff#?secret=io7D0fPqjF\" data-secret=\"io7D0fPqjF\" width=\"600\" height=\"338\" frameborder=\"0\" marginwidth=\"0\" marginheight=\"0\" scrolling=\"no\"><\/iframe>\n<\/div><\/figure>\n\n\n\n<figure class=\"wp-block-embed is-type-wp-embed is-provider-expatax-malta wp-block-embed-expatax-malta\"><div class=\"wp-block-embed__wrapper\">\n<blockquote class=\"wp-embedded-content\" data-secret=\"VkN6Y9SB18\"><a href=\"https:\/\/expatax.mt\/fr\/un-guide-sur-la-base-des-transferts-de-fonds-a-malte-2\/\">Guide sur la base des transferts de fonds \u00e0 Malte\u00a0\u00a0\u00a0\u00a0\u00a0\u00a0\u00a0\u00a0\u00a0<\/a><\/blockquote><iframe class=\"wp-embedded-content\" sandbox=\"allow-scripts\" security=\"restricted\" style=\"position: absolute; visibility: hidden;\" title=\"\u201cGuide sur la base des transferts de fonds \u00e0 Malte \u201d - Expatax Malta\" src=\"https:\/\/expatax.mt\/a-guide-to-remittance-basis-in-malta-2\/embed\/#?secret=lzU9fAdF4h#?secret=VkN6Y9SB18\" data-secret=\"VkN6Y9SB18\" width=\"600\" height=\"338\" frameborder=\"0\" marginwidth=\"0\" marginheight=\"0\" scrolling=\"no\"><\/iframe>\n<\/div><\/figure>\n\n\n\n<p><\/p>","protected":false},"excerpt":{"rendered":"\u00c0 Malte, l'embauche et le licenciement suivent une structure juridique stricte con\u00e7ue pour prot\u00e9ger les deux parties du lieu de travail. Cette vue d'ensemble pr\u00e9sente les r\u00e8gles les plus importantes.","protected":false},"author":5,"featured_media":10876,"comment_status":"closed","ping_status":"open","sticky":false,"template":"","format":"standard","meta":{"csco_singular_sidebar":"","csco_page_header_type":"","csco_appearance_masonry":"","csco_page_load_nextpost":"","csco_post_video_location":[],"csco_post_video_location_hash":"","csco_post_video_url":"","csco_post_video_bg_start_time":0,"csco_post_video_bg_end_time":0,"footnotes":""},"categories":[1],"tags":[],"class_list":{"0":"post-10873","1":"post","2":"type-post","3":"status-publish","4":"format-standard","5":"has-post-thumbnail","7":"category-employment","8":"cs-entry","9":"cs-video-wrap"},"_links":{"self":[{"href":"https:\/\/expatax.mt\/fr\/wp-json\/wp\/v2\/posts\/10873","targetHints":{"allow":["GET"]}}],"collection":[{"href":"https:\/\/expatax.mt\/fr\/wp-json\/wp\/v2\/posts"}],"about":[{"href":"https:\/\/expatax.mt\/fr\/wp-json\/wp\/v2\/types\/post"}],"author":[{"embeddable":true,"href":"https:\/\/expatax.mt\/fr\/wp-json\/wp\/v2\/users\/5"}],"replies":[{"embeddable":true,"href":"https:\/\/expatax.mt\/fr\/wp-json\/wp\/v2\/comments?post=10873"}],"version-history":[{"count":3,"href":"https:\/\/expatax.mt\/fr\/wp-json\/wp\/v2\/posts\/10873\/revisions"}],"predecessor-version":[{"id":10879,"href":"https:\/\/expatax.mt\/fr\/wp-json\/wp\/v2\/posts\/10873\/revisions\/10879"}],"wp:featuredmedia":[{"embeddable":true,"href":"https:\/\/expatax.mt\/fr\/wp-json\/wp\/v2\/media\/10876"}],"wp:attachment":[{"href":"https:\/\/expatax.mt\/fr\/wp-json\/wp\/v2\/media?parent=10873"}],"wp:term":[{"taxonomy":"category","embeddable":true,"href":"https:\/\/expatax.mt\/fr\/wp-json\/wp\/v2\/categories?post=10873"},{"taxonomy":"post_tag","embeddable":true,"href":"https:\/\/expatax.mt\/fr\/wp-json\/wp\/v2\/tags?post=10873"}],"curies":[{"name":"wp","href":"https:\/\/api.w.org\/{rel}","templated":true}]}}