{"id":7708,"date":"2025-04-18T12:00:00","date_gmt":"2025-04-18T10:00:00","guid":{"rendered":"https:\/\/expatax.mt\/?p=7708"},"modified":"2025-10-30T07:22:25","modified_gmt":"2025-10-30T06:22:25","slug":"slobodan-rangelov-der-mann-hinter-dem-serbischen-netzwerk","status":"publish","type":"post","link":"https:\/\/expatax.mt\/de\/slobodan-rangelov-the-man-behind-serbian-network\/","title":{"rendered":"Slobodan Rangelov, der Mann hinter dem serbischen Netzwerk in Malta"},"content":{"rendered":"<p><em>Slobodan Rangelow<\/em> ist ein Name, der in der serbischen Gemeinschaft auf Malta gro\u00dfen Widerhall findet. Der bulgarische Staatsb\u00fcrger, der urspr\u00fcnglich aus Pan\u010devo in Serbien stammt, kam vor 11 Jahren mit nichts als Entschlossenheit und Ausdauer nach Malta. Wie viele Neuank\u00f6mmlinge begann seine Reise im Gastgewerbe, wo er unerm\u00fcdlich arbeitete, um sich ein Leben von Grund auf aufzubauen. Heute ist er eine angesehene Pers\u00f6nlichkeit, Mitbegr\u00fcnder der maltesisch-serbischen Gemeinschaft, Unternehmer und Menschenfreund.<\/p>\n\n\n\n<p>Es ist ein echtes Privileg, sich mit Slobodan zusammenzusetzen und mehr \u00fcber seine pers\u00f6nlichen Erfahrungen, seinen beruflichen Antrieb und sein unersch\u00fctterliches Engagement zu erfahren, die seinen Weg pr\u00e4gen und die Menschen in seinem Umfeld inspirieren.<\/p>\n\n\n\n<h2 id=\"new-chapter-in-malta\" class=\"wp-block-heading\">Neues Kapitel in Malta<\/h2>\n\n\n\n<h5 id=\"1-you-came-to-malta-11-years-ago-what-brought-you-here\" class=\"wp-block-heading\">1. Sie kamen vor 11 Jahren nach Malta. Was hat Sie hierher gebracht?<\/h5>\n\n\n\n<p>Wir hatten gerade unser Haus zu Hause renoviert und f\u00fchlten uns endlich wohl, aber wir hatten immer noch das Gef\u00fchl, dass uns etwas fehlte. Wir wollten mehr M\u00f6glichkeiten f\u00fcr unsere Kinder. Ein Freund half uns, uns in Malta niederzulassen, und wir beschlossen, den Sprung zu wagen.<\/p>\n\n\n\n<h5 id=\"2-what-were-those-early-days-like\" class=\"wp-block-heading\">2. Wie sahen die ersten Tage aus?<\/h5>\n\n\n\n<p>Schwierig. Ich arbeitete als Kellner, meine Frau als Dienstm\u00e4dchen, und unser J\u00fcngster war gerade 18 Monate alt. Aber ich wusste, dass wir nicht f\u00fcr immer in diesen Rollen bleiben w\u00fcrden. Ich habe es meinem Arbeitgeber einmal gesagt:<\/p>\n\n\n\n<blockquote class=\"wp-block-quote is-layout-flow wp-block-quote-is-layout-flow\">\n<p> Ich bin hier, um zu wachsen.<\/p>\n<\/blockquote>\n\n\n\n<h5 id=\"3-how-did-your-background-prepare-you-for-the-reality-of-moving-to-malta\" class=\"wp-block-heading\">3. Wie hat Sie Ihr Hintergrund auf den Umzug nach Malta vorbereitet?<\/h5>\n\n\n\n<p>Meine Herkunft hat definitiv eine gro\u00dfe Rolle gespielt. Ich bin in Serbien aufgewachsen und hatte mit Herausforderungen zu k\u00e4mpfen, die mich Resilienz gelehrt haben. Der Umzug in ein fremdes Land war nicht einfach, aber ich war es gewohnt, mich anzupassen. In Serbien habe ich im Gastgewerbe gearbeitet und dabei gelernt, mit Menschen zu kommunizieren und Probleme zu l\u00f6sen. Als ich in Malta ankam, war die Sprache nicht allzu schwierig, aber der Umgang mit der \u00f6rtlichen B\u00fcrokratie war ein Alptraum. Alles, von der Beantragung der Aufenthaltsgenehmigung bis zur Anmietung einer Wohnung, war f\u00fcr jemanden, der neu war, ein harter Kampf. Diese Erfahrung blieb bei mir h\u00e4ngen. Ich versprach mir selbst, dass ich anderen helfen w\u00fcrde, das zu vermeiden, was ich durchgemacht habe, wenn ich jemals die Chance dazu h\u00e4tte, und genau das tue ich seitdem.<\/p>\n\n\n\n<h2 id=\"building-the-serbian-community\" class=\"wp-block-heading\">Aufbau der serbischen Gemeinschaft<\/h2>\n\n\n\n<h5 id=\"4-how-did-the-idea-for-the-maltese-serbian-community-come-about\" class=\"wp-block-heading\">4. Wie ist die Idee der Malteser-Serbischen Gemeinschaft entstanden?<\/h5>\n\n\n\n<p>Es begann als kleine Facebook-Gruppe, in der sich die in Malta lebenden Serben austauschen, beraten und gegenseitig unterst\u00fctzen konnten. Aber sie wuchs schnell.<strong>&nbsp;<\/strong>Der Zweck der Existenz dieser Gruppe war derselbe wie heute und wird auch in Zukunft derselbe sein, n\u00e4mlich die HILFE f\u00fcr unsere Leute, wenn sie in Malta ankommen. Das bedeutet den ersten Kontakt mit den Inseln, die wichtigsten Informationen \u00fcber die Erstellung von Bewerbungsunterlagen, die Suche nach einem Arbeitsplatz, die Einschreibung der Kinder in Schulen und alles, was danach kommt. Im Laufe der Zeit haben wir uns zur gr\u00f6\u00dften Gruppe auf Facebook entwickelt, in der Menschen aus dem Balkan zusammenkommen, und es schlie\u00dfen sich uns regelm\u00e4\u00dfig andere Nationen an, insbesondere unsere maltesischen Landsleute, die auf unserer Seite Arbeitskr\u00e4fte f\u00fcr ihre Unternehmen finden, <a href=\"https:\/\/www.facebook.com\/groups\/413922542117267\" rel=\"nofollow noopener\" target=\"_blank\">Serbisch-maltesische Infogruppe<\/a> z\u00e4hlt mehr als 31,7K Follower und w\u00e4chst weiter.<\/p>\n\n\n\n<figure class=\"wp-block-image size-large\"><img fetchpriority=\"high\" decoding=\"async\" width=\"994\" height=\"1024\" src=\"https:\/\/expatax.mt\/wp-content\/uploads\/2025\/04\/IMG_0891-994x1024.jpg\" alt=\"\" class=\"wp-image-7713\" title=\"\" srcset=\"https:\/\/expatax.mt\/wp-content\/uploads\/2025\/04\/IMG_0891-994x1024.jpg 994w, https:\/\/expatax.mt\/wp-content\/uploads\/2025\/04\/IMG_0891-291x300.jpg 291w, https:\/\/expatax.mt\/wp-content\/uploads\/2025\/04\/IMG_0891-768x791.jpg 768w, https:\/\/expatax.mt\/wp-content\/uploads\/2025\/04\/IMG_0891-12x12.jpg 12w, https:\/\/expatax.mt\/wp-content\/uploads\/2025\/04\/IMG_0891-380x392.jpg 380w, https:\/\/expatax.mt\/wp-content\/uploads\/2025\/04\/IMG_0891-550x567.jpg 550w, https:\/\/expatax.mt\/wp-content\/uploads\/2025\/04\/IMG_0891-800x824.jpg 800w, https:\/\/expatax.mt\/wp-content\/uploads\/2025\/04\/IMG_0891-1160x1195.jpg 1160w, https:\/\/expatax.mt\/wp-content\/uploads\/2025\/04\/IMG_0891.jpg 1179w\" sizes=\"(max-width: 994px) 100vw, 994px\" \/><figcaption class=\"wp-element-caption\">Bildquelle: Facebook Screenshot- <a href=\"https:\/\/www.facebook.com\/groups\/413922542117267\" rel=\"nofollow noopener\" target=\"_blank\">Serbisch-maltesische Infogruppe<\/a><\/figcaption><\/figure>\n\n\n\n<hr class=\"wp-block-separator has-alpha-channel-opacity\"\/>\n\n\n\n<h5 id=\"6-recently-you-participated-in-a-project-that-examined-the-role-of-third-country-nationals-tcns-in-maltas-workforce-can-you-share-your-findings-with-our-audience\" class=\"wp-block-heading\">6. Sie haben k\u00fcrzlich an einem Projekt teilgenommen, das die Rolle von Drittstaatsangeh\u00f6rigen in Maltas Arbeitswelt untersucht hat. K\u00f6nnen Sie Ihre Ergebnisse mit unseren Zuh\u00f6rern teilen?<\/h5>\n\n\n\n<p>Ja, ich wurde eingeladen, an einem Projekt teilzunehmen, in dem die Beteiligung von TCNs an der Umverteilung von Arbeitspl\u00e4tzen in Malta analysiert wurde. Wenn man sich die Daten ansieht, ist das ziemlich auff\u00e4llig. Im Jahr 2012 gab es etwa <strong>185,000<\/strong> Mitarbeiter in Malta, und nur 3% von ihnen kamen aus TCN-L\u00e4ndern. Spulen Sie bis 2023 vor, und die Zahl der Besch\u00e4ftigten ist auf <strong>310,000<\/strong>Der Anteil der TCN-Besch\u00e4ftigten an der Gesamtbelegschaft betr\u00e4gt jetzt 22%. Die Sache hat jedoch einen Haken: Trotz dieses Anstiegs verdienen TCN-Besch\u00e4ftigte im Durchschnitt 17% weniger als das nationale Durchschnittsgehalt von 22.054 \u20ac. Diese Diskrepanz wird besonders deutlich, wenn wir \u00fcber Folgendes sprechen <a href=\"https:\/\/expatax.mt\/de\/familienzusammenfuhrung-fur-drittstaatsangehorige-in-malta-aktualisierte-leitlinien-fur-2024\/\" data-type=\"post\" data-id=\"5608\">Familienzusammenf\u00fchrung<\/a>. Die Anforderungen des Staates f\u00fcr die Familienzusammenf\u00fchrung sind an den nationalen Durchschnittslohn gebunden, so dass es f\u00fcr TCN-Besch\u00e4ftigte immer schwieriger wird, diese Kriterien zu erf\u00fcllen.<\/p>\n\n\n\n<hr class=\"wp-block-separator has-alpha-channel-opacity\"\/>\n\n\n\n<hr class=\"wp-block-separator has-alpha-channel-opacity\"\/>\n\n\n\n<h2 id=\"helping-30-children-gain-their-residence-rig\" class=\"wp-block-heading\">Unterst\u00fctzung von 30 Kindern bei der Erlangung ihres Aufenthaltsrechts<\/h2>\n\n\n\n<p>Einer der bedeutendsten Momente in Slobodans Leben war sein Einsatz f\u00fcr 30 Kinder aus Drittstaaten im Jahr 2019, deren Visum f\u00fcr den Familienaufenthalt abgelehnt worden war. Seine Hartn\u00e4ckigkeit und sein Engagement in dieser Situation waren der Schl\u00fcssel dazu, dass diese Kinder in Malta bleiben und zur Schule gehen durften.<\/p>\n\n\n\n<p>Slobodan teilt:<\/p>\n\n\n\n<blockquote class=\"wp-block-quote is-layout-flow wp-block-quote-is-layout-flow\">\n<p>Alle Kinder erhielten das \"ber\u00fchmte\" blaue Papier, das es ihren Eltern erm\u00f6glichte, sie in der Schule anzumelden und die Familien zusammenzuhalten. Obwohl einige Eltern sp\u00e4ter auf zus\u00e4tzliche Herausforderungen stie\u00dfen und ihre F\u00e4lle sogar vor Gericht brachten, hatte der Erhalt des blauen Papiers einen entscheidenden Einfluss auf ihre F\u00e4higkeit, in Malta zu bleiben.<\/p>\n<\/blockquote>\n\n\n\n<pre class=\"wp-block-verse\">Slobodan schreibt diesen Erfolg dem Verst\u00e4ndnis und der Kooperation der Mitarbeiter von Identita Malta zu, die in dieser Zeit ebenfalls unter gro\u00dfem Druck standen. Der Erfolg dieser Initiative brachte Slobodan Anerkennung ein und brachte ihm eine <a href=\"https:\/\/timesofmalta.com\/article\/you-can-stay-but-you-need-to-send-your-children-home.737694\" rel=\"nofollow noopener\" target=\"_blank\">Funktion<\/a> in <em>Die Tageszeitung \"The Times of Malta<\/em>und unterstreicht damit seinen unerm\u00fcdlichen Einsatz f\u00fcr die Gemeinschaft.<\/pre>\n\n\n\n<h2 id=\"insurance-advice-for-expats\" class=\"wp-block-heading\">Versicherung und Beratung f\u00fcr Expats<\/h2>\n\n\n\n<p>Mit seiner langj\u00e4hrigen Erfahrung in der Versicherungsbranche und seiner aktiven Zusammenarbeit mit f\u00fcnf gro\u00dfen Versicherungsunternehmen in Malta ist Slobodan die ideale Person, um \u00fcber die Realit\u00e4ten zu sprechen, mit denen Expats konfrontiert sind, wenn es um den Schutz ihrer Gesundheit und ihrer Fahrzeuge auf den Inseln geht.<\/p>\n\n\n\n<h5 id=\"7-what-challenges-are-you-seeing-when-it-comes-to-health-insurance\" class=\"wp-block-heading\">7. Welche Herausforderungen sehen Sie im Bereich der Krankenversicherung?<\/h5>\n\n\n\n<p>Seit September letzten Jahres sind die Versicherungskosten aufgrund der Umstellung auf ein umfassenderes <strong><em>Plan f\u00fcr ambulante Patienten<\/em><\/strong>jetzt von beiden Seiten akzeptiert <em>Mater Dei<\/em> und private Krankenh\u00e4user. Das Hauptproblem ist meiner Meinung nach die Preisgestaltung. Krankenh\u00e4user und Versicherungen haben unterschiedliche Preislisten, was zu Ungereimtheiten f\u00fchrt. Wenn zum Beispiel ein Arztbesuch 100 \u20ac kostet, sollte die Versicherung den vollen Betrag \u00fcbernehmen, nicht weniger. Der Staat sollte hier eingreifen und f\u00fcr eine Angleichung der Preise sorgen.<\/p>\n\n\n\n<h5 id=\"8-why-do-family-members-especially-children-need-additional-insurance-in-malta-in-order-to-apply-for-family-reunification\" class=\"wp-block-heading\">8. Warum brauchen Familienangeh\u00f6rige, insbesondere Kinder, in Malta eine zus\u00e4tzliche Versicherung, um die Familienzusammenf\u00fchrung zu beantragen?<\/h5>\n\n\n\n<p>Ich frage mich auch, warum eine zus\u00e4tzliche Versicherung erforderlich ist, vor allem, wenn die Versicherung der Eltern das Kind bereits abdeckt?! Ich verstehe die Notwendigkeit einer separaten Versicherung f\u00fcr einen Ehepartner, aber ich verstehe die Logik nicht, wenn es um Kinder geht. In den meisten L\u00e4ndern ist es \u00fcblich, dass ein Kind \u00fcber die Versicherung der Eltern voll mitversichert ist. Auf jeden Fall bin ich st\u00e4ndig auf der Suche nach den besten Versicherungsoptionen und stehe in regelm\u00e4\u00dfigem Kontakt mit fast allen Versicherungsgesellschaften und -maklern in Malta.<\/p>\n\n\n\n<h5 id=\"9-what-are-the-current-issues-with-car-insurance-for-tcns-in-malta\" class=\"wp-block-heading\">9. Was sind die aktuellen Probleme mit der Kfz-Versicherung f\u00fcr TCNs in Malta?<\/h5>\n\n\n\n<p>Im Laufe der Jahre hat sich dies stark ge\u00e4ndert, aber im Allgemeinen ist es nach wie vor schwierig, ein Fahrzeug zu versichern. Selbst mit einem internationalen F\u00fchrerschein kann man oft kein Auto kaufen oder versichern. In Anbetracht der wachsenden Zahl von Fahrzeugen auf den Stra\u00dfen k\u00f6nnte eine L\u00f6sung f\u00fcr Malta darin bestehen, die Versicherung des ersten Fahrzeugs zu erleichtern, w\u00e4hrend f\u00fcr jedes weitere Fahrzeug zus\u00e4tzliche Steuern erhoben werden. Meiner Meinung nach k\u00f6nnte dies dazu beitragen, die \u00dcberlastung der Stra\u00dfen zu bek\u00e4mpfen, und w\u00e4re auch f\u00fcr die Wirtschaft und den Staatshaushalt vorteilhafter, als den Kauf und die Versicherung von Fahrzeugen aufgrund der Art des F\u00fchrerscheins zu beschr\u00e4nken.<\/p>\n\n\n\n<h2 id=\"the-success-of-ss-rangelov-family-business\" class=\"wp-block-heading\">Der Erfolg des Familienunternehmens S&amp;S Rangelov <\/h2>\n\n\n\n<p>Slobodan und seine Frau Svetlana f\u00fchren das Familienunternehmen <em>S&amp;S Rangelov<\/em>spezialisiert auf Kurzzeitvermietungen auf Malta und Gozo. Mit Immobilien in Sliema, Swieqi und jetzt auch in Qala, Gozo, bieten sie den G\u00e4sten ein herzliches Willkommen. <\/p>\n\n\n\n<h5 id=\"10-youve-ventured-into-short-let-rentals-in-malta-how-has-the-experience-been-so-far\" class=\"wp-block-heading\">10. Sie haben sich in Malta an die Kurzzeitvermietung herangewagt. Welche Erfahrungen haben Sie bisher damit gemacht?<\/h5>\n\n\n\n<p>Meine Frau Svetlana und ich sind schon seit einiger Zeit in diesem Gesch\u00e4ft t\u00e4tig. Irgendwie haben wir uns selbst darin wiedergefunden, und wir haben das Gl\u00fcck, gro\u00dfartige Mitarbeiter zu haben. Die Wohnungseigent\u00fcmer, mit denen wir zusammenarbeiten, sind wunderbare Menschen, immer voller Verst\u00e4ndnis. Wir lieben es, Menschen aus verschiedenen L\u00e4ndern kennenzulernen, und wir hatten schon G\u00e4ste aus der ganzen Welt in unseren H\u00e4usern. Wir tun unser Bestes, um ihnen den Aufenthalt so angenehm wie m\u00f6glich zu gestalten. Nachdem wir Immobilien in Sliema und Swieqi verwaltet haben, haben wir vor kurzem mit einer Immobilie in Qala, Gozo, expandiert. Wir sind gerade dabei, den Papierkram vorzubereiten und hoffen, bald eine Lizenz f\u00fcr diese Wohnung zu erhalten.<\/p>\n\n\n\n<figure class=\"wp-block-pullquote\"><blockquote><p><a href=\"https:\/\/www.airbnb.com.mt\/rooms\/821651329719927742?guests=1&amp;adults=1&amp;s=67&amp;unique_share_id=4d70a517-fa5f-4f1d-b8d2-91019077002d&amp;locale=en&amp;_set_bev_on_new_domain=1744707078_EAYTg5YTY2MzdiNG&amp;source_impression_id=p3_1744707079_P3rG_V7P5Wqjg2Lx\" data-type=\"link\" data-id=\"https:\/\/www.airbnb.com.mt\/rooms\/821651329719927742?guests=1&amp;adults=1&amp;s=67&amp;unique_share_id=4d70a517-fa5f-4f1d-b8d2-91019077002d&amp;locale=en&amp;_set_bev_on_new_domain=1744707078_EAYTg5YTY2MzdiNG&amp;source_impression_id=p3_1744707079_P3rG_V7P5Wqjg2Lx\" rel=\"nofollow noopener\" target=\"_blank\">3-Schlafzimmer-Wohnung<br>Swieqi<\/a><br>\u2605\u2605\u2605\u2605\u2606 4.85<\/p><cite>AirBnB<\/cite><\/blockquote><\/figure>\n\n\n\n<figure class=\"wp-block-gallery has-nested-images columns-default is-cropped wp-block-gallery-12 is-layout-flex wp-block-gallery-is-layout-flex\">\n<figure class=\"wp-block-image size-large\"><img decoding=\"async\" width=\"1024\" height=\"774\" data-id=\"7722\" src=\"https:\/\/expatax.mt\/wp-content\/uploads\/2025\/04\/Screenshot-2025-04-15-105151-1-1024x774.png\" alt=\"\" class=\"wp-image-7722\" title=\"\" srcset=\"https:\/\/expatax.mt\/wp-content\/uploads\/2025\/04\/Screenshot-2025-04-15-105151-1-1024x774.png 1024w, https:\/\/expatax.mt\/wp-content\/uploads\/2025\/04\/Screenshot-2025-04-15-105151-1-300x227.png 300w, https:\/\/expatax.mt\/wp-content\/uploads\/2025\/04\/Screenshot-2025-04-15-105151-1-768x581.png 768w, https:\/\/expatax.mt\/wp-content\/uploads\/2025\/04\/Screenshot-2025-04-15-105151-1-16x12.png 16w, https:\/\/expatax.mt\/wp-content\/uploads\/2025\/04\/Screenshot-2025-04-15-105151-1-380x287.png 380w, https:\/\/expatax.mt\/wp-content\/uploads\/2025\/04\/Screenshot-2025-04-15-105151-1-550x416.png 550w, https:\/\/expatax.mt\/wp-content\/uploads\/2025\/04\/Screenshot-2025-04-15-105151-1-800x605.png 800w, https:\/\/expatax.mt\/wp-content\/uploads\/2025\/04\/Screenshot-2025-04-15-105151-1-1160x877.png 1160w, https:\/\/expatax.mt\/wp-content\/uploads\/2025\/04\/Screenshot-2025-04-15-105151-1.png 1364w\" sizes=\"(max-width: 1024px) 100vw, 1024px\" \/><\/figure>\n\n\n\n<figure class=\"wp-block-image size-large\"><img decoding=\"async\" width=\"1024\" height=\"754\" data-id=\"7721\" src=\"https:\/\/expatax.mt\/wp-content\/uploads\/2025\/04\/Screenshot-2025-04-15-113721-1024x754.png\" alt=\"\" class=\"wp-image-7721\" title=\"\" srcset=\"https:\/\/expatax.mt\/wp-content\/uploads\/2025\/04\/Screenshot-2025-04-15-113721-1024x754.png 1024w, https:\/\/expatax.mt\/wp-content\/uploads\/2025\/04\/Screenshot-2025-04-15-113721-300x221.png 300w, https:\/\/expatax.mt\/wp-content\/uploads\/2025\/04\/Screenshot-2025-04-15-113721-768x565.png 768w, https:\/\/expatax.mt\/wp-content\/uploads\/2025\/04\/Screenshot-2025-04-15-113721-16x12.png 16w, https:\/\/expatax.mt\/wp-content\/uploads\/2025\/04\/Screenshot-2025-04-15-113721-380x280.png 380w, https:\/\/expatax.mt\/wp-content\/uploads\/2025\/04\/Screenshot-2025-04-15-113721-550x405.png 550w, https:\/\/expatax.mt\/wp-content\/uploads\/2025\/04\/Screenshot-2025-04-15-113721-800x589.png 800w, https:\/\/expatax.mt\/wp-content\/uploads\/2025\/04\/Screenshot-2025-04-15-113721-1160x854.png 1160w, https:\/\/expatax.mt\/wp-content\/uploads\/2025\/04\/Screenshot-2025-04-15-113721.png 1236w\" sizes=\"(max-width: 1024px) 100vw, 1024px\" \/><\/figure>\n<\/figure>\n\n\n\n<h5 id=\"11-what-advice-would-you-give-to-someone-thinking-of-investing-in-short-lets-in-malta-or-gozo\" class=\"wp-block-heading\">11. Welchen Rat w\u00fcrden Sie jemandem geben, der in Kurzzeitmieten auf Malta oder Gozo investieren m\u00f6chte?<\/h5>\n\n\n\n<blockquote class=\"wp-block-quote is-layout-flow wp-block-quote-is-layout-flow\">\n<p>\u00dcberst\u00fcrzen Sie nichts, fragen Sie sich erst um, pr\u00fcfen Sie den Markt und treffen Sie erst dann eine Entscheidung. Machen Sie diesen Job nicht, weil \"alle anderen ihn machen\", sondern schauen Sie sich Ihre M\u00f6glichkeiten an und investieren Sie dann, denn wie jeder andere Job auch, erfordert er eine gute Organisation.<\/p>\n<\/blockquote>\n\n\n\n<h2 id=\"giving-back-and-gratitude\" class=\"wp-block-heading\">Zur\u00fcckgeben und Dankbarkeit<\/h2>\n\n\n\n<figure class=\"wp-block-image size-full\"><img loading=\"lazy\" decoding=\"async\" width=\"607\" height=\"602\" src=\"https:\/\/expatax.mt\/wp-content\/uploads\/2025\/04\/80538148_10221098805838247_8411404707154624512_n.jpg\" alt=\"\" class=\"wp-image-7716\" title=\"\" srcset=\"https:\/\/expatax.mt\/wp-content\/uploads\/2025\/04\/80538148_10221098805838247_8411404707154624512_n.jpg 607w, https:\/\/expatax.mt\/wp-content\/uploads\/2025\/04\/80538148_10221098805838247_8411404707154624512_n-300x298.jpg 300w, https:\/\/expatax.mt\/wp-content\/uploads\/2025\/04\/80538148_10221098805838247_8411404707154624512_n-150x150.jpg 150w, https:\/\/expatax.mt\/wp-content\/uploads\/2025\/04\/80538148_10221098805838247_8411404707154624512_n-12x12.jpg 12w, https:\/\/expatax.mt\/wp-content\/uploads\/2025\/04\/80538148_10221098805838247_8411404707154624512_n-80x80.jpg 80w, https:\/\/expatax.mt\/wp-content\/uploads\/2025\/04\/80538148_10221098805838247_8411404707154624512_n-110x110.jpg 110w, https:\/\/expatax.mt\/wp-content\/uploads\/2025\/04\/80538148_10221098805838247_8411404707154624512_n-380x377.jpg 380w, https:\/\/expatax.mt\/wp-content\/uploads\/2025\/04\/80538148_10221098805838247_8411404707154624512_n-550x545.jpg 550w\" sizes=\"(max-width: 607px) 100vw, 607px\" \/><figcaption class=\"wp-element-caption\">Slobodan und seine Frau Svetlana<\/figcaption><\/figure>\n\n\n\n<p>Slobodan ist ein engagierter und gemeinschaftsorientierter Mensch, der in seinen 11 Jahren auf Malta viel bewirkt hat. Er hat wunderbare Initiativen ins Leben gerufen, darunter Spendenaktionen f\u00fcr L-Istrina, Fernsehauftritte in drei aufeinanderfolgenden Jahren und die Organisation des traditionellen \"Swimming for the Holy Cross\"-Events in San Pawl, das jedes Jahr im Januar stattfindet, wenn die Serben ein wichtiges religi\u00f6ses Fest feiern.<\/p>\n\n\n\n<p>Slobodan und seine Familie sind sehr dankbar f\u00fcr die M\u00f6glichkeit, in Malta ein erf\u00fclltes Leben zu f\u00fchren, und alle ihre Zukunftspl\u00e4ne sind in diesem Land verwurzelt. Er wird weiterhin beweisen, dass man nicht bei Null anfangen muss, um dort zu bleiben. Es bedeutet, aufzusteigen und andere auf ihrem Weg zu unterst\u00fctzen.<\/p>\n\n\n\n<h4 id=\"what-weve-learned-from-slobodans-journey\" class=\"wp-block-heading\">Was haben wir von Slobodans Reise gelernt?<\/h4>\n\n\n\n<blockquote class=\"wp-block-quote is-layout-flow wp-block-quote-is-layout-flow\">\n<p> Jeder kleine Schritt kann zu etwas Gr\u00f6\u00dferem f\u00fchren.<\/p>\n<\/blockquote>\n\n\n\n<hr class=\"wp-block-separator has-alpha-channel-opacity\"\/>\n\n\n\n<h2 id=\"do-you-have-a-story-to-tell\" class=\"wp-block-heading\">Haben Sie eine Geschichte zu erz\u00e4hlen?<\/h2>\n\n\n\n<p>Wir sind immer auf der Suche nach Stimmen aus Maltas vielf\u00e4ltigen ausl\u00e4ndischen und einheimischen Gemeinschaften.<br><strong>Kontakt<\/strong> \u00fcber unser <a href=\"https:\/\/expatax.mt\/de\/\" data-type=\"link\" data-id=\"https:\/\/www.expatax.mt\/\">Website<\/a> oder <a href=\"https:\/\/www.facebook.com\/expatax.mt\">FB-Seite<\/a> um Ihren Weg zu teilen, andere zu inspirieren und Teil des Gespr\u00e4chs zu werden.<\/p>\n\n\n\n<hr class=\"wp-block-separator has-alpha-channel-opacity\"\/>\n\n\n\n<figure class=\"wp-block-embed is-type-wp-embed is-provider-expatax-malta wp-block-embed-expatax-malta\"><div class=\"wp-block-embed__wrapper\">\n<blockquote class=\"wp-embedded-content\" data-secret=\"ssCFLGjNQw\"><a href=\"https:\/\/expatax.mt\/de\/tonyas-reise-zu-alten-traumen-auf-gozo\/\">Tonyas Reise zu Vintage-Tr\u00e4umen in Gozo\u00a0<\/a><\/blockquote><iframe class=\"wp-embedded-content\" sandbox=\"allow-scripts\" security=\"restricted\" style=\"position: absolute; visibility: hidden;\" title=\"&quot;Tonyas Reise zu Vintage-Tr\u00e4umen auf Gozo&quot; - Expatax Malta\" src=\"https:\/\/expatax.mt\/tonyas-journey-to-vintage-dreams-in-gozo\/embed\/#?secret=X8f6vW9Iqu#?secret=ssCFLGjNQw\" data-secret=\"ssCFLGjNQw\" width=\"600\" height=\"338\" frameborder=\"0\" marginwidth=\"0\" marginheight=\"0\" scrolling=\"no\"><\/iframe>\n<\/div><\/figure>\n\n\n\n<figure class=\"wp-block-embed is-type-wp-embed is-provider-expatax-malta wp-block-embed-expatax-malta\"><div class=\"wp-block-embed__wrapper\">\n<blockquote class=\"wp-embedded-content\" data-secret=\"wvAv8ZffPh\"><a href=\"https:\/\/expatax.mt\/de\/treffen-sie-das-duo-casa-vostra-gianluca-micheles-geschichte\/\">Treffen Sie das Casa Vostra Duo: Die Geschichte von Gianluca und Michele<\/a><\/blockquote><iframe class=\"wp-embedded-content\" sandbox=\"allow-scripts\" security=\"restricted\" style=\"position: absolute; visibility: hidden;\" title=\"&quot;Treffen Sie das Casa Vostra Duo: Die Geschichte von Gianluca und Michele&quot; - Expatax Malta\" src=\"https:\/\/expatax.mt\/meet-the-casa-vostra-duo-gianluca-micheles-story\/embed\/#?secret=SouNZttWgd#?secret=wvAv8ZffPh\" data-secret=\"wvAv8ZffPh\" width=\"600\" height=\"338\" frameborder=\"0\" marginwidth=\"0\" marginheight=\"0\" scrolling=\"no\"><\/iframe>\n<\/div><\/figure>\n\n\n\n<figure class=\"wp-block-embed is-type-wp-embed is-provider-expatax-malta wp-block-embed-expatax-malta\"><div class=\"wp-block-embed__wrapper\">\n<blockquote class=\"wp-embedded-content\" data-secret=\"kinHfIV6nO\"><a href=\"https:\/\/expatax.mt\/de\/einsatz-fur-tcn-rechte-in-malta-patricias-geschichte\/\">Einsatz f\u00fcr TCN-Rechte in Malta - Patricias Geschichte<\/a><\/blockquote><iframe class=\"wp-embedded-content\" sandbox=\"allow-scripts\" security=\"restricted\" style=\"position: absolute; visibility: hidden;\" title=\"&quot;Der Einsatz f\u00fcr TCN-Rechte in Malta - Patricias Geschichte&quot; - Expatax Malta\" src=\"https:\/\/expatax.mt\/championing-tcn-rights-in-malta-patricias-story\/embed\/#?secret=58eS5qJGhJ#?secret=kinHfIV6nO\" data-secret=\"kinHfIV6nO\" width=\"600\" height=\"338\" frameborder=\"0\" marginwidth=\"0\" marginheight=\"0\" scrolling=\"no\"><\/iframe>\n<\/div><\/figure>\n\n\n\n<figure class=\"wp-block-embed is-type-wp-embed is-provider-expatax-malta wp-block-embed-expatax-malta\"><div class=\"wp-block-embed__wrapper\">\n<blockquote class=\"wp-embedded-content\" data-secret=\"8ZQYFBvVyC\"><a href=\"https:\/\/expatax.mt\/de\/erfolgsgeschichten-von-expats-die-in-malta-neu-anfangen\/\">Expat-Erfolgsgeschichten: Neuanfang auf Malta mit Marta und Tomas<\/a><\/blockquote><iframe class=\"wp-embedded-content\" sandbox=\"allow-scripts\" security=\"restricted\" style=\"position: absolute; visibility: hidden;\" title=\"&quot;Expat-Erfolgsgeschichten: Neuanfang in Malta mit Marta und Tomas&quot; - Expatax Malta\" src=\"https:\/\/expatax.mt\/expat-success-stories-starting-over-in-malta\/embed\/#?secret=jjv9ObuXOV#?secret=8ZQYFBvVyC\" data-secret=\"8ZQYFBvVyC\" width=\"600\" height=\"338\" frameborder=\"0\" marginwidth=\"0\" marginheight=\"0\" scrolling=\"no\"><\/iframe>\n<\/div><\/figure>\n\n\n\n<p><\/p>","protected":false},"excerpt":{"rendered":"Slobodan Rangelov kam mit einer Vision nach Malta und baute eine Br\u00fccke zwischen den Gemeinschaften. Seine Geschichte ist eine Geschichte der St\u00e4rke, des Wachstums und der unersch\u00fctterlichen Unterst\u00fctzung f\u00fcr andere, die ihren Weg finden.","protected":false},"author":29,"featured_media":7767,"comment_status":"open","ping_status":"open","sticky":false,"template":"","format":"standard","meta":{"csco_singular_sidebar":"","csco_page_header_type":"","csco_appearance_masonry":"","csco_page_load_nextpost":"","csco_post_video_location":[],"csco_post_video_location_hash":"","csco_post_video_url":"","csco_post_video_bg_start_time":0,"csco_post_video_bg_end_time":0,"footnotes":""},"categories":[107],"tags":[],"class_list":{"0":"post-7708","1":"post","2":"type-post","3":"status-publish","4":"format-standard","5":"has-post-thumbnail","7":"category-interviews","8":"cs-entry","9":"cs-video-wrap"},"_links":{"self":[{"href":"https:\/\/expatax.mt\/de\/wp-json\/wp\/v2\/posts\/7708","targetHints":{"allow":["GET"]}}],"collection":[{"href":"https:\/\/expatax.mt\/de\/wp-json\/wp\/v2\/posts"}],"about":[{"href":"https:\/\/expatax.mt\/de\/wp-json\/wp\/v2\/types\/post"}],"author":[{"embeddable":true,"href":"https:\/\/expatax.mt\/de\/wp-json\/wp\/v2\/users\/29"}],"replies":[{"embeddable":true,"href":"https:\/\/expatax.mt\/de\/wp-json\/wp\/v2\/comments?post=7708"}],"version-history":[{"count":23,"href":"https:\/\/expatax.mt\/de\/wp-json\/wp\/v2\/posts\/7708\/revisions"}],"predecessor-version":[{"id":10434,"href":"https:\/\/expatax.mt\/de\/wp-json\/wp\/v2\/posts\/7708\/revisions\/10434"}],"wp:featuredmedia":[{"embeddable":true,"href":"https:\/\/expatax.mt\/de\/wp-json\/wp\/v2\/media\/7767"}],"wp:attachment":[{"href":"https:\/\/expatax.mt\/de\/wp-json\/wp\/v2\/media?parent=7708"}],"wp:term":[{"taxonomy":"category","embeddable":true,"href":"https:\/\/expatax.mt\/de\/wp-json\/wp\/v2\/categories?post=7708"},{"taxonomy":"post_tag","embeddable":true,"href":"https:\/\/expatax.mt\/de\/wp-json\/wp\/v2\/tags?post=7708"}],"curies":[{"name":"wp","href":"https:\/\/api.w.org\/{rel}","templated":true}]}}