{"id":6661,"date":"2025-02-27T16:12:36","date_gmt":"2025-02-27T15:12:36","guid":{"rendered":"https:\/\/expatax.mt\/?p=6661"},"modified":"2025-10-21T05:56:33","modified_gmt":"2025-10-21T03:56:33","slug":"expat-succeshistorier-om-at-starte-pa-en-frisk-i-malta","status":"publish","type":"post","link":"https:\/\/expatax.mt\/da\/expat-success-stories-starting-over-in-malta\/","title":{"rendered":"Succeshistorier om expats: At starte forfra p\u00e5 Malta med Marta og Tomas"},"content":{"rendered":"<p>Har du nogensinde h\u00f8rt om den usynlige strengteori? Det er ideen om, at to mennesker, der er bestemt til at m\u00f8des, vil krydse hinanden p\u00e5 det helt rigtige tidspunkt, uanset hvor i verden de befinder sig.<\/p>\n\n\n\n<p>Det er pr\u00e6cis, hvad man kommer til at t\u00e6nke p\u00e5, n\u00e5r man h\u00f8rer Marta og Tomas' historie, som m\u00f8dtes i Valletta - dengang en by, der f\u00f8ltes som et stort teater, hvor hver gade og plads lagde scene til nye m\u00f8der. De var ikke bare to fremmede, hvis veje krydsedes, men to mennesker, hvis liv var ved at \u00e6ndre sig. En l\u00e6rer og en kunstner, partnere i livet og i erhvervslivet, et bevis p\u00e5, at de valg, vi tr\u00e6ffer, nogle gange f\u00f8rer os til de mest uventede, men alligevel meningsfulde forbindelser.<\/p>\n\n\n\n<p>Vi havde den store \u00e6re og forn\u00f8jelse at m\u00f8de dem personligt, og i dag gl\u00e6der vi os til at dele deres smukke og inspirerende historie med jer sammen med deres personlige syn p\u00e5 livet p\u00e5 Malta, hvordan det er at bo p\u00e5 Gozo og den rejse, der bragte dem hertil.<\/p>\n\n\n\n<h5 id=\"stay-tuned-and-check-out-our-first-of-many-expat-success-stories\" class=\"wp-block-heading\">F\u00f8lg med og se vores f\u00f8rste af mange succeshistorier om expats!<\/h5>\n\n\n\n<h2 id=\"about-their-personal-background\" class=\"wp-block-heading\">Om deres <strong>Personlig baggrund<\/strong><\/h2>\n\n\n\n<h3 id=\"1-can-you-tell-us-a-bit-about-yourself-and-where-you-come-from\" class=\"wp-block-heading\"><strong>1. Kan du fort\u00e6lle os lidt om dig selv, og hvor du kommer fra?<\/strong><\/h3>\n\n\n\n<p><strong>Marta:<\/strong> Mit navn er <em>Marta Obiols Fornell<\/em>Jeg er fra en lille by i n\u00e6rheden af Barcelona i Spanien. Jeg har studeret filosofi og arbejdet som gymnasiel\u00e6rer i mange \u00e5r. <\/p>\n\n\n\n<p><strong>Tomas:<\/strong> Jeg er <em>Tomas Hed<\/em>Jeg er f\u00f8dt og opvokset i Stockholm, Sverige. Da jeg voksede op, tilbragte jeg mine somre p\u00e5 en g\u00e5rd p\u00e5 landet, cirka tre timer fra Stockholm. Jeg elskede kontrasten mellem bylivet og naturens fredfyldte sk\u00f8nhed, og det har i h\u00f8j grad p\u00e5virket mit arbejde som kunstner. Da jeg f\u00f8rste gang bes\u00f8gte Malta, s\u00e5 jeg elementer af b\u00e5de bylivets livlighed og kystens ro, og det tiltrak mig straks.<\/p>\n\n\n\n<figure class=\"wp-block-gallery has-nested-images columns-default is-cropped wp-block-gallery-12 is-layout-flex wp-block-gallery-is-layout-flex\">\n<figure class=\"wp-block-image size-large\"><img fetchpriority=\"high\" decoding=\"async\" width=\"1020\" height=\"1360\" data-id=\"6830\" src=\"https:\/\/expatax.mt\/wp-content\/uploads\/2025\/02\/marta-photo-today-1-1-edited.jpg\" alt=\"\" class=\"wp-image-6830\" title=\"\" srcset=\"https:\/\/expatax.mt\/wp-content\/uploads\/2025\/02\/marta-photo-today-1-1-edited.jpg 1020w, https:\/\/expatax.mt\/wp-content\/uploads\/2025\/02\/marta-photo-today-1-1-edited-225x300.jpg 225w, https:\/\/expatax.mt\/wp-content\/uploads\/2025\/02\/marta-photo-today-1-1-edited-768x1024.jpg 768w, https:\/\/expatax.mt\/wp-content\/uploads\/2025\/02\/marta-photo-today-1-1-edited-9x12.jpg 9w, https:\/\/expatax.mt\/wp-content\/uploads\/2025\/02\/marta-photo-today-1-1-edited-380x507.jpg 380w, https:\/\/expatax.mt\/wp-content\/uploads\/2025\/02\/marta-photo-today-1-1-edited-550x733.jpg 550w, https:\/\/expatax.mt\/wp-content\/uploads\/2025\/02\/marta-photo-today-1-1-edited-800x1067.jpg 800w\" sizes=\"(max-width: 1020px) 100vw, 1020px\" \/><\/figure>\n\n\n\n<figure class=\"wp-block-image size-large\"><img decoding=\"async\" width=\"1024\" height=\"1024\" data-id=\"6829\" src=\"https:\/\/expatax.mt\/wp-content\/uploads\/2025\/02\/thomas-portrait-1024x1024.jpg\" alt=\"\" class=\"wp-image-6829\" title=\"\" srcset=\"https:\/\/expatax.mt\/wp-content\/uploads\/2025\/02\/thomas-portrait-1024x1024.jpg 1024w, https:\/\/expatax.mt\/wp-content\/uploads\/2025\/02\/thomas-portrait-300x300.jpg 300w, https:\/\/expatax.mt\/wp-content\/uploads\/2025\/02\/thomas-portrait-150x150.jpg 150w, https:\/\/expatax.mt\/wp-content\/uploads\/2025\/02\/thomas-portrait-768x768.jpg 768w, https:\/\/expatax.mt\/wp-content\/uploads\/2025\/02\/thomas-portrait-12x12.jpg 12w, https:\/\/expatax.mt\/wp-content\/uploads\/2025\/02\/thomas-portrait-80x80.jpg 80w, https:\/\/expatax.mt\/wp-content\/uploads\/2025\/02\/thomas-portrait-110x110.jpg 110w, https:\/\/expatax.mt\/wp-content\/uploads\/2025\/02\/thomas-portrait-380x380.jpg 380w, https:\/\/expatax.mt\/wp-content\/uploads\/2025\/02\/thomas-portrait-550x550.jpg 550w, https:\/\/expatax.mt\/wp-content\/uploads\/2025\/02\/thomas-portrait-800x800.jpg 800w, https:\/\/expatax.mt\/wp-content\/uploads\/2025\/02\/thomas-portrait.jpg 1080w\" sizes=\"(max-width: 1024px) 100vw, 1024px\" \/><\/figure>\n<\/figure>\n\n\n\n<h3 id=\"2-what-inspired-you-to-move-to-malta\" class=\"wp-block-heading\"><strong>2. Hvad inspirerede dig til at flytte til Malta?<\/strong><\/h3>\n\n\n\n<p><strong>Marta:<\/strong> I 2014 besluttede jeg at bes\u00f8ge Malta for at forbedre mit engelsk og se mig om efter nye muligheder. Jeg boede i Valletta og sugede byens historie til mig, m\u00f8dte nye mennesker og n\u00f8d alt, hvad den havde at byde p\u00e5. Ikke l\u00e6nge efter min ankomst m\u00f8dte jeg Tomas i Valletta. I l\u00f8bet af \u00e5rene blev vores forbindelse st\u00e6rkere, og i dag er han b\u00e5de min livsledsager og forretningspartner.<\/p>\n\n\n\n<p><strong>Tomas:<\/strong> Jeg kom oprindeligt til Malta for at holde ferie og for at udforske mulighederne for en bolig i Valletta, da jeg overvejede at bos\u00e6tte mig her. M\u00f8det med Marta \u00e6ndrede alt og f\u00f8rte mine planer i en uventet, men vidunderlig retning.<\/p>\n\n\n\n<h3 id=\"3-did-you-move-to-malta-alone-with-a-partner-or-with-your-family\" class=\"wp-block-heading\"><strong>3. Flyttede du til Malta alene, med en partner eller med din familie?<\/strong><\/h3>\n\n\n\n<p><strong>Marta:<\/strong> Tomas og jeg m\u00f8dtes f\u00f8rste gang, da vi bes\u00f8gte Valletta, og vi kom fra hver sit land, men s\u00e5 begge Malta som et ideelt sted at bo. I 2015, efter et \u00e5r i Spanien, besluttede vi at starte vores nye livskapitel p\u00e5 Malta og lejede et hus i Valletta.<em> Attard<\/em>. Jeg begyndte at arbejde som spanskl\u00e6rer, men den daglige pendling og den tunge trafik blev hurtigt overv\u00e6ldende. Den livsstil passede mig ikke, og jeg begyndte at f\u00f8le mig frustreret. Vi begyndte at overveje Gozo som et alternativ og forestillede os et h\u00f8jere tempo og en bedre livskvalitet. Da Tomas er kunstner, og jeg elsker b\u00f8ger og et roligt milj\u00f8, virkede s\u00f8ster\u00f8en som det perfekte valg. I 2016 tog vi beslutningen om at flytte dertil.<\/p>\n\n\n\n<h3 id=\"4-what-motivated-you-to-start-a-new-life-or-business-in-malta\" class=\"wp-block-heading\"><strong>4. Hvad motiverede dig til at starte et nyt liv eller en ny virksomhed p\u00e5 Malta?<\/strong><\/h3>\n\n\n\n<p><strong>Marta:<\/strong> Da vi slog os ned p\u00e5 Gozo, lagde jeg straks m\u00e6rke til, hvor meget det mindede mig om min hjemby i Spanien, men med en stor forskel. P\u00e5 trods af sin lille st\u00f8rrelse tilbyder Gozo s\u00e5 mange muligheder og tiltr\u00e6kker mennesker fra hele verden. Blandingen af kulturer, det st\u00e6rke expat-samfund og den fremragende service g\u00f8r det unikt. Den har charmen ved en lille by, men med alle de bekvemmeligheder, du kan f\u00e5 brug for.<\/p>\n\n\n\n<blockquote class=\"wp-block-quote is-layout-flow wp-block-quote-is-layout-flow\">\n<p><strong>Gozo er som et mikrokosmos, hvor alt er inden for r\u00e6kkevidde<\/strong><\/p>\n<\/blockquote>\n\n\n\n<figure class=\"wp-block-image size-large\"><img decoding=\"async\" width=\"1024\" height=\"920\" src=\"https:\/\/expatax.mt\/wp-content\/uploads\/2025\/02\/420619706_860469456087992_1781432287458349539_n-1024x920.jpg\" alt=\"\" class=\"wp-image-6810\" title=\"\" srcset=\"https:\/\/expatax.mt\/wp-content\/uploads\/2025\/02\/420619706_860469456087992_1781432287458349539_n-1024x920.jpg 1024w, https:\/\/expatax.mt\/wp-content\/uploads\/2025\/02\/420619706_860469456087992_1781432287458349539_n-300x270.jpg 300w, https:\/\/expatax.mt\/wp-content\/uploads\/2025\/02\/420619706_860469456087992_1781432287458349539_n-768x690.jpg 768w, https:\/\/expatax.mt\/wp-content\/uploads\/2025\/02\/420619706_860469456087992_1781432287458349539_n-1536x1380.jpg 1536w, https:\/\/expatax.mt\/wp-content\/uploads\/2025\/02\/420619706_860469456087992_1781432287458349539_n-13x12.jpg 13w, https:\/\/expatax.mt\/wp-content\/uploads\/2025\/02\/420619706_860469456087992_1781432287458349539_n-380x341.jpg 380w, https:\/\/expatax.mt\/wp-content\/uploads\/2025\/02\/420619706_860469456087992_1781432287458349539_n-550x494.jpg 550w, https:\/\/expatax.mt\/wp-content\/uploads\/2025\/02\/420619706_860469456087992_1781432287458349539_n-800x719.jpg 800w, https:\/\/expatax.mt\/wp-content\/uploads\/2025\/02\/420619706_860469456087992_1781432287458349539_n-1160x1042.jpg 1160w, https:\/\/expatax.mt\/wp-content\/uploads\/2025\/02\/420619706_860469456087992_1781432287458349539_n-1320x1186.jpg 1320w, https:\/\/expatax.mt\/wp-content\/uploads\/2025\/02\/420619706_860469456087992_1781432287458349539_n.jpg 2048w\" sizes=\"(max-width: 1024px) 100vw, 1024px\" \/><\/figure>\n\n\n\n<h2 id=\"starting-over-in-gozo\" class=\"wp-block-heading\"><strong>At begynde forfra<\/strong> i Gozo<\/h2>\n\n\n\n<h3 id=\"5-what-were-your-first-impressions-when-you-moved-to-gozo\" class=\"wp-block-heading\">5. Hvad var dit f\u00f8rste indtryk, da du flyttede til Gozo?<\/h3>\n\n\n\n<p><strong>Marta:<\/strong> Da vi flyttede til Gozo i 2016, blev vi hurtigt klar over, at vi havde truffet den bedste beslutning. Alt faldt p\u00e5 plads uden problemer, og \u00f8ens charme og energi inspirerede os til at starte vores virksomhed. To \u00e5r senere, i juli 2018, \u00e5bnede vi officielt <strong><a href=\"https:\/\/arthallgozo.com\/\" rel=\"nofollow noopener\" target=\"_blank\">Galleri ArtHall<\/a><\/strong>. I l\u00f8bet af f\u00e5 m\u00e5neder var vi s\u00e5 heldige at finde det perfekte sted til en rimelig pris at leje i Victoria. Det f\u00f8ltes, som om det var meningen, det skulle v\u00e6re - alt stemte overens med vores visioner og personligheder.<\/p>\n\n\n\n<h3 id=\"6-what-inspired-you-to-start-a-business-in-gozo\" class=\"wp-block-heading\">6. <strong>Hvad inspirerede dig til at starte en virksomhed p\u00e5 Gozo?<\/strong><\/h3>\n\n\n\n<p><strong>Marta:<\/strong> Vi \u00f8nskede at skabe noget sammen, som var i overensstemmelse med begge vores passioner. Som l\u00e6rer s\u00e6tter jeg pris p\u00e5 fredelige omgivelser, hvor jeg kan l\u00e6se, reflektere og udtrykke mit filosofiske perspektiv, mens Tomas som kunstner s\u00f8gte et sted, hvor han kunne vise sine v\u00e6rker frem. Det var her, vi fik ideen til at \u00e5bne et kunstgalleri. Det giver Tomas en platform, hvor han kan vise og s\u00e6lge sine v\u00e6rker sammen med v\u00e6rker fra andre kunstnere, mens jeg administrerer stedet, h\u00e5ndterer salget og vedligeholder hjemmesiden. Derudover giver galleriet mig ogs\u00e5 mulighed for at kanalisere min kreativitet og mit filosofiske syn ind i kurateringen af et rum, der inspirerer til meningsfulde samtaler og kunstneriske udtryk. Det blev den perfekte sammensmeltning af vores interesser.<\/p>\n\n\n\n<h3 id=\"7-did-you-experience-any-challenges-navigating-maltas-bureaucracy-such-as-permits-or-registrations\" class=\"wp-block-heading\">7. <strong>Oplevede du nogen udfordringer med at navigere i Maltas bureaukrati, f.eks. tilladelser eller registreringer?<\/strong><\/h3>\n\n\n\n<p><strong>Tomas:<\/strong> Jeg synes, at processen var ret enkel, ligesom jeg har oplevet det i Sverige. Folk her er venlige, afslappede og im\u00f8dekommende uden nogen un\u00f8dvendig attitude. Som udl\u00e6nding er jeg ikke st\u00f8dt p\u00e5 store vanskeligheder p\u00e5 Malta, og jeg har indtryk af, at det kunne v\u00e6re meget sv\u00e6rere i andre lande.<\/p>\n\n\n\n<p><strong>Marta:<\/strong> En af de st\u00f8rste udfordringer, jeg stod over for, var at \u00e5bne en bankkonto. P\u00e5 det tidspunkt arbejdede jeg som l\u00e6rer, men det var ikke s\u00e5 ligetil at \u00e5bne en konto, s\u00e5 jeg var n\u00f8dt til at modtage min l\u00f8n med check i stedet. Processen var langsom og kompliceret, tog flere m\u00e5neder og kr\u00e6vede en lang r\u00e6kke dokumenter. En af de st\u00f8rste forhindringer var at skaffe oversatte dokumenter fra min bank i Spanien, hvilket var et krav. Min bror m\u00e5tte hj\u00e6lpe mig ved at sende de n\u00f8dvendige papirer, hvilket hjalp mig med endelig at gennemf\u00f8re processen. P\u00e5 den anden side gik min ans\u00f8gning om opholdstilladelse meget glat. P\u00e5 det tidspunkt var det ikke muligt at ans\u00f8ge online, s\u00e5 jeg var n\u00f8dt til at bes\u00f8ge Identit\u00e0 personligt, men processen var ligetil, og jeg havde ingen problemer med at h\u00e5ndtere den.<\/p>\n\n\n\n<h3 id=\"8-how-did-you-go-about-setting-up-your-business-was-the-process-straightforward-or-challenging\" class=\"wp-block-heading\">8. <strong>Hvordan gik du i gang med at etablere din virksomhed? Var processen ligetil eller udfordrende?<\/strong><\/h3>\n\n\n\n<p><strong>Marta:<\/strong> Det er ikke alt for kompliceret at starte en virksomhed p\u00e5 Malta, is\u00e6r ikke som selvst\u00e6ndig. N\u00f8glen er at have de rigtige mennesker til at guide dig gennem processen. Det var en fordel for os at bo p\u00e5 Gozo, som er en t\u00e6t forbundet \u00f8. N\u00e5r vi havde brug for hj\u00e6lp, fik vi gode anbefalinger til fagfolk som revisorer og advokater. Deres st\u00f8tte gjorde de juridiske og administrative aspekter meget mere gnidningsl\u00f8se. Der var stadig nogle formaliteter, der skulle opfyldes, men det gjorde processen meget lettere at have et godt netv\u00e6rk.<\/p>\n\n\n\n<h2 id=\"the-arthall-gallery\" class=\"wp-block-heading\">ArtHall-galleriet<\/h2>\n\n\n\n<figure class=\"wp-block-image size-large\"><img loading=\"lazy\" decoding=\"async\" width=\"1024\" height=\"768\" src=\"https:\/\/expatax.mt\/wp-content\/uploads\/2025\/02\/Photo-Arthall-Gozo-1-1024x768.jpg\" alt=\"\" class=\"wp-image-6821\" title=\"\" srcset=\"https:\/\/expatax.mt\/wp-content\/uploads\/2025\/02\/Photo-Arthall-Gozo-1-1024x768.jpg 1024w, https:\/\/expatax.mt\/wp-content\/uploads\/2025\/02\/Photo-Arthall-Gozo-1-300x225.jpg 300w, https:\/\/expatax.mt\/wp-content\/uploads\/2025\/02\/Photo-Arthall-Gozo-1-768x576.jpg 768w, https:\/\/expatax.mt\/wp-content\/uploads\/2025\/02\/Photo-Arthall-Gozo-1-1536x1152.jpg 1536w, https:\/\/expatax.mt\/wp-content\/uploads\/2025\/02\/Photo-Arthall-Gozo-1-2048x1536.jpg 2048w, https:\/\/expatax.mt\/wp-content\/uploads\/2025\/02\/Photo-Arthall-Gozo-1-16x12.jpg 16w, https:\/\/expatax.mt\/wp-content\/uploads\/2025\/02\/Photo-Arthall-Gozo-1-380x285.jpg 380w, https:\/\/expatax.mt\/wp-content\/uploads\/2025\/02\/Photo-Arthall-Gozo-1-550x413.jpg 550w, https:\/\/expatax.mt\/wp-content\/uploads\/2025\/02\/Photo-Arthall-Gozo-1-800x600.jpg 800w, https:\/\/expatax.mt\/wp-content\/uploads\/2025\/02\/Photo-Arthall-Gozo-1-1160x870.jpg 1160w, https:\/\/expatax.mt\/wp-content\/uploads\/2025\/02\/Photo-Arthall-Gozo-1-1320x990.jpg 1320w, https:\/\/expatax.mt\/wp-content\/uploads\/2025\/02\/Photo-Arthall-Gozo-1-scaled.jpg 2560w\" sizes=\"(max-width: 1024px) 100vw, 1024px\" \/><\/figure>\n\n\n\n<blockquote class=\"wp-block-quote is-layout-flow wp-block-quote-is-layout-flow\">\n<p>Lad kunsten finde dig<\/p>\n<\/blockquote>\n\n\n\n<p>ArtHalls motto er at g\u00f8re kunst tilg\u00e6ngelig for et bredere publikum, som ofte er blevet overset p\u00e5 den traditionelle kunstscene. ArtHall er dedikeret til at fremvise og fremme samtidskunst, b\u00e5de lokal og international, og s\u00f8ger at introducere dristige, avantgardistiske og tankev\u00e6kkende v\u00e6rker p\u00e5 de maltesiske \u00f8er. M\u00e5let er at flytte gr\u00e6nser, udforske nye ideer og udfordre samfundets normer.<\/p>\n\n\n\n<h2 id=\"tomas-heds-artwork\" class=\"wp-block-heading\">Tomas Heds kunstv\u00e6rker<\/h2>\n\n\n\n<figure class=\"wp-block-gallery has-nested-images columns-default is-cropped wp-block-gallery-13 is-layout-flex wp-block-gallery-is-layout-flex\">\n<figure class=\"wp-block-image size-large\"><img loading=\"lazy\" decoding=\"async\" width=\"683\" height=\"1024\" data-id=\"6795\" src=\"https:\/\/expatax.mt\/wp-content\/uploads\/2025\/02\/Unexpected-Authorities-by-Tomas-Hed-1-683x1024.jpg\" alt=\"\" class=\"wp-image-6795\" title=\"\" srcset=\"https:\/\/expatax.mt\/wp-content\/uploads\/2025\/02\/Unexpected-Authorities-by-Tomas-Hed-1-683x1024.jpg 683w, https:\/\/expatax.mt\/wp-content\/uploads\/2025\/02\/Unexpected-Authorities-by-Tomas-Hed-1-200x300.jpg 200w, https:\/\/expatax.mt\/wp-content\/uploads\/2025\/02\/Unexpected-Authorities-by-Tomas-Hed-1-8x12.jpg 8w, https:\/\/expatax.mt\/wp-content\/uploads\/2025\/02\/Unexpected-Authorities-by-Tomas-Hed-1-380x570.jpg 380w, https:\/\/expatax.mt\/wp-content\/uploads\/2025\/02\/Unexpected-Authorities-by-Tomas-Hed-1-550x825.jpg 550w, https:\/\/expatax.mt\/wp-content\/uploads\/2025\/02\/Unexpected-Authorities-by-Tomas-Hed-1.jpg 720w\" sizes=\"(max-width: 683px) 100vw, 683px\" \/><\/figure>\n\n\n\n<figure class=\"wp-block-image size-large\"><img loading=\"lazy\" decoding=\"async\" width=\"717\" height=\"1024\" data-id=\"6796\" src=\"https:\/\/expatax.mt\/wp-content\/uploads\/2025\/02\/TickTock-by-Tomas-Hed-1-717x1024.jpg\" alt=\"\" class=\"wp-image-6796\" title=\"\" srcset=\"https:\/\/expatax.mt\/wp-content\/uploads\/2025\/02\/TickTock-by-Tomas-Hed-1-717x1024.jpg 717w, https:\/\/expatax.mt\/wp-content\/uploads\/2025\/02\/TickTock-by-Tomas-Hed-1-210x300.jpg 210w, https:\/\/expatax.mt\/wp-content\/uploads\/2025\/02\/TickTock-by-Tomas-Hed-1-768x1097.jpg 768w, https:\/\/expatax.mt\/wp-content\/uploads\/2025\/02\/TickTock-by-Tomas-Hed-1-8x12.jpg 8w, https:\/\/expatax.mt\/wp-content\/uploads\/2025\/02\/TickTock-by-Tomas-Hed-1-380x543.jpg 380w, https:\/\/expatax.mt\/wp-content\/uploads\/2025\/02\/TickTock-by-Tomas-Hed-1-550x786.jpg 550w, https:\/\/expatax.mt\/wp-content\/uploads\/2025\/02\/TickTock-by-Tomas-Hed-1-800x1143.jpg 800w, https:\/\/expatax.mt\/wp-content\/uploads\/2025\/02\/TickTock-by-Tomas-Hed-1.jpg 1047w\" sizes=\"(max-width: 717px) 100vw, 717px\" \/><\/figure>\n\n\n\n<figure class=\"wp-block-image size-large\"><img loading=\"lazy\" decoding=\"async\" width=\"415\" height=\"1024\" data-id=\"6794\" src=\"https:\/\/expatax.mt\/wp-content\/uploads\/2025\/02\/The-SurrealWomanTomasHed-1-415x1024.jpg\" alt=\"\" class=\"wp-image-6794\" title=\"\" srcset=\"https:\/\/expatax.mt\/wp-content\/uploads\/2025\/02\/The-SurrealWomanTomasHed-1-415x1024.jpg 415w, https:\/\/expatax.mt\/wp-content\/uploads\/2025\/02\/The-SurrealWomanTomasHed-1-122x300.jpg 122w, https:\/\/expatax.mt\/wp-content\/uploads\/2025\/02\/The-SurrealWomanTomasHed-1-768x1895.jpg 768w, https:\/\/expatax.mt\/wp-content\/uploads\/2025\/02\/The-SurrealWomanTomasHed-1-622x1536.jpg 622w, https:\/\/expatax.mt\/wp-content\/uploads\/2025\/02\/The-SurrealWomanTomasHed-1-5x12.jpg 5w, https:\/\/expatax.mt\/wp-content\/uploads\/2025\/02\/The-SurrealWomanTomasHed-1-380x938.jpg 380w, https:\/\/expatax.mt\/wp-content\/uploads\/2025\/02\/The-SurrealWomanTomasHed-1-550x1357.jpg 550w, https:\/\/expatax.mt\/wp-content\/uploads\/2025\/02\/The-SurrealWomanTomasHed-1.jpg 778w\" sizes=\"(max-width: 415px) 100vw, 415px\" \/><\/figure>\n\n\n\n<figure class=\"wp-block-image size-large\"><img loading=\"lazy\" decoding=\"async\" width=\"811\" height=\"1000\" data-id=\"6823\" src=\"https:\/\/expatax.mt\/wp-content\/uploads\/2025\/02\/Brazilian_offer_fixed-1.jpg\" alt=\"\" class=\"wp-image-6823\" title=\"\" srcset=\"https:\/\/expatax.mt\/wp-content\/uploads\/2025\/02\/Brazilian_offer_fixed-1.jpg 811w, https:\/\/expatax.mt\/wp-content\/uploads\/2025\/02\/Brazilian_offer_fixed-1-243x300.jpg 243w, https:\/\/expatax.mt\/wp-content\/uploads\/2025\/02\/Brazilian_offer_fixed-1-768x947.jpg 768w, https:\/\/expatax.mt\/wp-content\/uploads\/2025\/02\/Brazilian_offer_fixed-1-10x12.jpg 10w, https:\/\/expatax.mt\/wp-content\/uploads\/2025\/02\/Brazilian_offer_fixed-1-380x469.jpg 380w, https:\/\/expatax.mt\/wp-content\/uploads\/2025\/02\/Brazilian_offer_fixed-1-550x678.jpg 550w, https:\/\/expatax.mt\/wp-content\/uploads\/2025\/02\/Brazilian_offer_fixed-1-800x986.jpg 800w\" sizes=\"(max-width: 811px) 100vw, 811px\" \/><\/figure>\n<\/figure>\n\n\n\n<p>Kernen i ArtHall er et dynamisk rum for kunstnerisk udfoldelse, der inspirerer til dialog og samarbejde p\u00e5 tv\u00e6rs af forskellige kreative discipliner, herunder filosofi, musik, poesi og litteratur. Ved at omfavne forskellige kunstformer tilskynder projektet til innovative tilgange til at opfatte og fortolke vores f\u00e6lles virkelighed. Under ledelse af direkt\u00f8r <em>Marta Obiols Fornell<\/em>som blev h\u00e6dret som <strong>\u00c5rets bedste kvindelige iv\u00e6rks\u00e6tter p\u00e5 Gozo i 2019<\/strong>ArtHall forts\u00e6tter med at dyrke en interessant kulturel udveksling.<\/p>\n\n\n\n<figure class=\"wp-block-image size-full\"><img loading=\"lazy\" decoding=\"async\" width=\"960\" height=\"720\" src=\"https:\/\/expatax.mt\/wp-content\/uploads\/2025\/02\/61757193_1344277969055712_4934185101115260928_n.jpg\" alt=\"\" class=\"wp-image-6809\" title=\"\" srcset=\"https:\/\/expatax.mt\/wp-content\/uploads\/2025\/02\/61757193_1344277969055712_4934185101115260928_n.jpg 960w, https:\/\/expatax.mt\/wp-content\/uploads\/2025\/02\/61757193_1344277969055712_4934185101115260928_n-300x225.jpg 300w, https:\/\/expatax.mt\/wp-content\/uploads\/2025\/02\/61757193_1344277969055712_4934185101115260928_n-768x576.jpg 768w, https:\/\/expatax.mt\/wp-content\/uploads\/2025\/02\/61757193_1344277969055712_4934185101115260928_n-16x12.jpg 16w, https:\/\/expatax.mt\/wp-content\/uploads\/2025\/02\/61757193_1344277969055712_4934185101115260928_n-380x285.jpg 380w, https:\/\/expatax.mt\/wp-content\/uploads\/2025\/02\/61757193_1344277969055712_4934185101115260928_n-550x413.jpg 550w, https:\/\/expatax.mt\/wp-content\/uploads\/2025\/02\/61757193_1344277969055712_4934185101115260928_n-800x600.jpg 800w\" sizes=\"(max-width: 960px) 100vw, 960px\" \/><figcaption class=\"wp-element-caption\">Gozo Business Awards 2019<\/figcaption><\/figure>\n\n\n\n<h2 id=\"featured-event-hajja-holma-solo-exhibition\" class=\"wp-block-heading\">Udvalgt begivenhed: \u0126AJJA \u0126OLMA (soloudstilling)<\/h2>\n\n\n\n<figure class=\"wp-block-image size-large\"><a href=\"https:\/\/arthallgozo.com\/project\/hajja-holma\/\" rel=\"nofollow noopener\" target=\"_blank\"><img loading=\"lazy\" decoding=\"async\" width=\"724\" height=\"1024\" src=\"https:\/\/expatax.mt\/wp-content\/uploads\/2025\/02\/Hajja-Holma-Mark-Xuereb-final-poster-724x1024.jpg\" alt=\"\" class=\"wp-image-8023\" title=\"\" srcset=\"https:\/\/expatax.mt\/wp-content\/uploads\/2025\/02\/Hajja-Holma-Mark-Xuereb-final-poster-724x1024.jpg 724w, https:\/\/expatax.mt\/wp-content\/uploads\/2025\/02\/Hajja-Holma-Mark-Xuereb-final-poster-212x300.jpg 212w, https:\/\/expatax.mt\/wp-content\/uploads\/2025\/02\/Hajja-Holma-Mark-Xuereb-final-poster-768x1086.jpg 768w, https:\/\/expatax.mt\/wp-content\/uploads\/2025\/02\/Hajja-Holma-Mark-Xuereb-final-poster-1086x1536.jpg 1086w, https:\/\/expatax.mt\/wp-content\/uploads\/2025\/02\/Hajja-Holma-Mark-Xuereb-final-poster-8x12.jpg 8w, https:\/\/expatax.mt\/wp-content\/uploads\/2025\/02\/Hajja-Holma-Mark-Xuereb-final-poster-380x538.jpg 380w, https:\/\/expatax.mt\/wp-content\/uploads\/2025\/02\/Hajja-Holma-Mark-Xuereb-final-poster-550x778.jpg 550w, https:\/\/expatax.mt\/wp-content\/uploads\/2025\/02\/Hajja-Holma-Mark-Xuereb-final-poster-800x1132.jpg 800w, https:\/\/expatax.mt\/wp-content\/uploads\/2025\/02\/Hajja-Holma-Mark-Xuereb-final-poster.jpg 1131w\" sizes=\"(max-width: 724px) 100vw, 724px\" \/><\/a><figcaption class=\"wp-element-caption\">Billedkilde: Arthall galleri<\/figcaption><\/figure>\n\n\n\n<p><strong>Udtalelse fra kunstneren:<\/strong><\/p>\n\n\n\n<blockquote class=\"wp-block-quote is-layout-flow wp-block-quote-is-layout-flow\">\n<p><em>&nbsp;<\/em>En klog mand sagde engang til mig<em>: il- \u0127ajja \u0127olma, bro<\/em> (livet er en dr\u00f8m, bro)&nbsp;<\/p>\n<\/blockquote>\n\n\n\n<p>I denne nye kollektion har den maltesiske kunstner <em>Mark Xuereb<\/em> inviterer beskueren ind i en verden, hvor virkelighed, dr\u00f8mme og indre refleksioner smelter sammen. Hvert v\u00e6rk udforsker lag af oplevelser og opl\u00f8ser gr\u00e6nserne mellem det, man ser, og det, man f\u00f8ler.<\/p>\n\n\n\n<p><em>Xuereb <\/em>lader hver id\u00e9 styre mediet, hvad enten det er keramik (med lokalt og importeret ler), fundne genstande, fotografi eller maleri. Resultatet er et varieret, men sammenh\u00e6ngende v\u00e6rk, der er formet af de mange virkeligheder, der p\u00e5virker det.<\/p>\n\n\n\n<p>Udstillingen l\u00f8ber fra <strong>2. maj til 18. maj 2025<\/strong>med <strong>\u00c5bningsaftenen finder sted fredag den 2. maj kl. 19.30<\/strong> p\u00e5<em> <strong>Kunsthal<\/strong><\/em><strong> Galleri<\/strong>.<\/p>\n\n\n\n<figure class=\"wp-block-image size-full\"><img loading=\"lazy\" decoding=\"async\" width=\"729\" height=\"459\" src=\"https:\/\/expatax.mt\/wp-content\/uploads\/2025\/02\/Arthall-Map.to-upload-1.png\" alt=\"\" class=\"wp-image-6806\" title=\"\" srcset=\"https:\/\/expatax.mt\/wp-content\/uploads\/2025\/02\/Arthall-Map.to-upload-1.png 729w, https:\/\/expatax.mt\/wp-content\/uploads\/2025\/02\/Arthall-Map.to-upload-1-300x189.png 300w, https:\/\/expatax.mt\/wp-content\/uploads\/2025\/02\/Arthall-Map.to-upload-1-18x12.png 18w, https:\/\/expatax.mt\/wp-content\/uploads\/2025\/02\/Arthall-Map.to-upload-1-380x239.png 380w, https:\/\/expatax.mt\/wp-content\/uploads\/2025\/02\/Arthall-Map.to-upload-1-550x346.png 550w\" sizes=\"(max-width: 729px) 100vw, 729px\" \/><\/figure>\n\n\n\n<h2 id=\"past-exhibition-highlight-tang-ping-2025\" class=\"wp-block-heading\">Tidligere udstillingsh\u00f8jdepunkt: <em>Tang Ping<\/em> (2025)<\/h2>\n\n\n\n<hr class=\"wp-block-separator has-alpha-channel-opacity\"\/>\n\n\n\n<figure class=\"wp-block-image size-full\"><img loading=\"lazy\" decoding=\"async\" width=\"940\" height=\"788\" src=\"https:\/\/expatax.mt\/wp-content\/uploads\/2025\/02\/POSTER-TANG-PING.png\" alt=\"\" class=\"wp-image-6805\" title=\"\" srcset=\"https:\/\/expatax.mt\/wp-content\/uploads\/2025\/02\/POSTER-TANG-PING.png 940w, https:\/\/expatax.mt\/wp-content\/uploads\/2025\/02\/POSTER-TANG-PING-300x251.png 300w, https:\/\/expatax.mt\/wp-content\/uploads\/2025\/02\/POSTER-TANG-PING-768x644.png 768w, https:\/\/expatax.mt\/wp-content\/uploads\/2025\/02\/POSTER-TANG-PING-14x12.png 14w, https:\/\/expatax.mt\/wp-content\/uploads\/2025\/02\/POSTER-TANG-PING-380x319.png 380w, https:\/\/expatax.mt\/wp-content\/uploads\/2025\/02\/POSTER-TANG-PING-550x461.png 550w, https:\/\/expatax.mt\/wp-content\/uploads\/2025\/02\/POSTER-TANG-PING-800x671.png 800w\" sizes=\"(max-width: 940px) 100vw, 940px\" \/><\/figure>\n\n\n\n<hr class=\"wp-block-separator has-alpha-channel-opacity\"\/>\n\n\n\n<blockquote class=\"wp-block-quote is-layout-flow wp-block-quote-is-layout-flow\">\n<p>L\u00f8b, l\u00f8b, produktivitet, tid, meritokrati, overarbejde, pres, isolation, fitness,<br>Eksamen, system, spil, vind.<br>L\u00f8b, l\u00f8b? Mod hvad?<\/p>\n<\/blockquote>\n\n\n\n<p>Hvad f\u00e5r os til at bev\u00e6ge os i et hektisk tempo? Rigdom? Magt? Prestige? Image? Er vi fanget i denne cyklus uden mulighed for at komme ud?<\/p>\n\n\n\n<p>P\u00e5 ArtHall, <em>Tang Ping<\/em> blev til polyfon kunst. P\u00e5 denne betydningsfulde og vellykkede udstilling i 2025 brugte fire kunstnere forskellige medier til at udtrykke deres bekymringer om tid, giftig konkurrence, indesp\u00e6rring og tab af autonomi - og det gav dyb genlyd hos publikum og efterlod et varigt indtryk.<\/p>\n\n\n\n<p>For en eksklusiv samling af unikke kunstv\u00e6rker af verdenskendte kunstnere, bes\u00f8g <a href=\"https:\/\/arthallgozo.com\/\" rel=\"nofollow noopener\" target=\"_blank\">ArtHalls hjemmeside<\/a>.<\/p>\n\n\n\n<p>Hvis du er expat og har en historie at dele, s\u00e5 kontakt os p\u00e5 <a href=\"https:\/\/expatax.mt\/da\/\" data-type=\"link\" data-id=\"https:\/\/expatax.mt\/\">Expatax.mt<\/a> til at v\u00e6re med i vores n\u00e6ste interview!<\/p>\n\n\n\n<h2 id=\"further-reads\" class=\"wp-block-heading\">Yderligere l\u00e6sning<\/h2>\n\n\n\n<figure class=\"wp-block-embed is-type-wp-embed is-provider-expatax-malta wp-block-embed-expatax-malta\"><div class=\"wp-block-embed__wrapper\">\n<blockquote class=\"wp-embedded-content\" data-secret=\"qzpNLrVYYW\"><a href=\"https:\/\/expatax.mt\/da\/tonyas-rejse-til-vintage-dromme-pa-gozo\/\">Tonyas rejse til vintagedr\u00f8mme p\u00e5 Gozo\u00a0<\/a><\/blockquote><iframe class=\"wp-embedded-content\" sandbox=\"allow-scripts\" security=\"restricted\" style=\"position: absolute; visibility: hidden;\" title=\"&quot;Tonyas rejse til vintagedr\u00f8mme i Gozo&quot; - Expatax Malta\" src=\"https:\/\/expatax.mt\/tonyas-journey-to-vintage-dreams-in-gozo\/embed\/#?secret=lvPpPWNZ67#?secret=qzpNLrVYYW\" data-secret=\"qzpNLrVYYW\" width=\"600\" height=\"338\" frameborder=\"0\" marginwidth=\"0\" marginheight=\"0\" scrolling=\"no\"><\/iframe>\n<\/div><\/figure>\n\n\n\n<figure class=\"wp-block-embed is-type-wp-embed is-provider-expatax-malta wp-block-embed-expatax-malta\"><div class=\"wp-block-embed__wrapper\">\n<blockquote class=\"wp-embedded-content\" data-secret=\"7z4Ei8UfBK\"><a href=\"https:\/\/expatax.mt\/da\/mod-casa-vostra-duoen-gianluca-micheles-historie\/\">M\u00f8d Casa Vostra-duoen: Gianluca &amp; Micheles historie<\/a><\/blockquote><iframe class=\"wp-embedded-content\" sandbox=\"allow-scripts\" security=\"restricted\" style=\"position: absolute; visibility: hidden;\" title=\"&quot;M\u00f8d Casa Vostra-duoen: Gianluca &amp; Micheles historie&quot; - Expatax Malta\" src=\"https:\/\/expatax.mt\/meet-the-casa-vostra-duo-gianluca-micheles-story\/embed\/#?secret=cYWqsrpQvJ#?secret=7z4Ei8UfBK\" data-secret=\"7z4Ei8UfBK\" width=\"600\" height=\"338\" frameborder=\"0\" marginwidth=\"0\" marginheight=\"0\" scrolling=\"no\"><\/iframe>\n<\/div><\/figure>","protected":false},"excerpt":{"rendered":"Har du nogensinde h\u00f8rt om den usynlige strengteori? Det er ideen om, at to mennesker, der skal m\u00f8des...","protected":false},"author":29,"featured_media":6663,"comment_status":"open","ping_status":"open","sticky":false,"template":"","format":"standard","meta":{"csco_singular_sidebar":"","csco_page_header_type":"","csco_appearance_masonry":"","csco_page_load_nextpost":"","csco_post_video_location":[],"csco_post_video_location_hash":"","csco_post_video_url":"","csco_post_video_bg_start_time":0,"csco_post_video_bg_end_time":0,"footnotes":""},"categories":[107],"tags":[],"class_list":{"0":"post-6661","1":"post","2":"type-post","3":"status-publish","4":"format-standard","5":"has-post-thumbnail","7":"category-interviews","8":"cs-entry","9":"cs-video-wrap"},"_links":{"self":[{"href":"https:\/\/expatax.mt\/da\/wp-json\/wp\/v2\/posts\/6661","targetHints":{"allow":["GET"]}}],"collection":[{"href":"https:\/\/expatax.mt\/da\/wp-json\/wp\/v2\/posts"}],"about":[{"href":"https:\/\/expatax.mt\/da\/wp-json\/wp\/v2\/types\/post"}],"author":[{"embeddable":true,"href":"https:\/\/expatax.mt\/da\/wp-json\/wp\/v2\/users\/29"}],"replies":[{"embeddable":true,"href":"https:\/\/expatax.mt\/da\/wp-json\/wp\/v2\/comments?post=6661"}],"version-history":[{"count":36,"href":"https:\/\/expatax.mt\/da\/wp-json\/wp\/v2\/posts\/6661\/revisions"}],"predecessor-version":[{"id":10239,"href":"https:\/\/expatax.mt\/da\/wp-json\/wp\/v2\/posts\/6661\/revisions\/10239"}],"wp:featuredmedia":[{"embeddable":true,"href":"https:\/\/expatax.mt\/da\/wp-json\/wp\/v2\/media\/6663"}],"wp:attachment":[{"href":"https:\/\/expatax.mt\/da\/wp-json\/wp\/v2\/media?parent=6661"}],"wp:term":[{"taxonomy":"category","embeddable":true,"href":"https:\/\/expatax.mt\/da\/wp-json\/wp\/v2\/categories?post=6661"},{"taxonomy":"post_tag","embeddable":true,"href":"https:\/\/expatax.mt\/da\/wp-json\/wp\/v2\/tags?post=6661"}],"curies":[{"name":"wp","href":"https:\/\/api.w.org\/{rel}","templated":true}]}}